{"id":4396,"date":"2023-10-04T15:13:34","date_gmt":"2023-10-04T18:13:34","guid":{"rendered":"https:\/\/diabahia.com.br\/?p=4396"},"modified":"2023-10-04T15:13:36","modified_gmt":"2023-10-04T18:13:36","slug":"com-tatico-e-foco-em-finalizacoes-bahia-segue-preparacao-para-pegar-o-goias","status":"publish","type":"post","link":"https:\/\/diabahia.com.br\/index.php\/2023\/10\/04\/com-tatico-e-foco-em-finalizacoes-bahia-segue-preparacao-para-pegar-o-goias\/","title":{"rendered":"Com t\u00e1tico e foco em finaliza\u00e7\u00f5es, Bahia segue prepara\u00e7\u00e3o para pegar o Goi\u00e1s"},"content":{"rendered":"\n<p>O elenco do Bahia fez, nesta quarta-feira (4), o terceiro trabalho da semana de olho no jogo contra o Goi\u00e1s. E, mais uma vez, Cauly foi ao gramado. Recuperado da les\u00e3o no joelho, o meia treinou com os demais companheiros em campo uma etapa e, depois, fez uma atividade espec\u00edfica complementar. A expectativa \u00e9 que ele seja liberado para a partida deste s\u00e1bado (7). J\u00e1&nbsp;L\u00e9o Cittadini ficou na academia.<br><br>O dia de trabalho no CT Evaristo de Macedo come\u00e7ou com a apresenta\u00e7\u00e3o de um v\u00eddeo com detalhes sobre o que aconteceu na partida anterior, contra o Flamengo. Em seguida,&nbsp;os atletas participaram de uma ativa\u00e7\u00e3o na academia e foram para o campo.<\/p>\n\n\n\n<p>Ap\u00f3s aquecimento f\u00edsico, o t\u00e9cnico Rog\u00e9rio Ceni orientou&nbsp;uma atividade de passes e combina\u00e7\u00e3o de movimentos, com os jogadores espalhados em diversas esta\u00e7\u00f5es fixas. Depois, o treinador comandou&nbsp;um trabalho t\u00e1tico em metade do campo.<\/p>\n\n\n\n<p>Na \u00faltima etapa, meio-campistas e atacantes ficaram mais um tempo em campo para aprimorar finaliza\u00e7\u00f5es. O elenco tricolor volta a treinar&nbsp;na manh\u00e3 desta quinta-feira (5).&nbsp;<\/p>\n\n\n\n<p>A partida contra o Goi\u00e1s est\u00e1 marcada para o s\u00e1bado (7), \u00e0s 16h, no est\u00e1dio da Serrinha,\u00a0em Goi\u00e2nia. O jogo \u00e9 v\u00e1lido pela 26\u00aa rodada da S\u00e9rie A.\u00a0Com apenas 25 pontos, o Bahia \u00e9 o atual 18\u00ba colocado do Brasileir\u00e3o, dentro da zona de rebaixamento. O rival \u00e9 o 16\u00ba, com 27.<\/p>\n\n\n\n<p>Fonte: Jornal Correio <\/p>\n","protected":false},"excerpt":{"rendered":"<p>O elenco do Bahia fez, nesta quarta-feira (4), o terceiro trabalho da semana de olho no jogo contra o Goi\u00e1s. E, mais uma vez, Cauly foi ao gramado. Recuperado da les\u00e3o no joelho, o meia treinou com os demais companheiros em campo uma etapa e, depois, fez uma atividade espec\u00edfica complementar. A expectativa \u00e9 que [&hellip;]<\/p>\n","protected":false},"author":2,"featured_media":4397,"comment_status":"open","ping_status":"open","sticky":false,"template":"","format":"standard","meta":{"footnotes":""},"categories":[89],"tags":[],"class_list":["post-4396","post","type-post","status-publish","format-standard","has-post-thumbnail","hentry","category-esportes"],"_links":{"self":[{"href":"https:\/\/diabahia.com.br\/index.php\/wp-json\/wp\/v2\/posts\/4396","targetHints":{"allow":["GET"]}}],"collection":[{"href":"https:\/\/diabahia.com.br\/index.php\/wp-json\/wp\/v2\/posts"}],"about":[{"href":"https:\/\/diabahia.com.br\/index.php\/wp-json\/wp\/v2\/types\/post"}],"author":[{"embeddable":true,"href":"https:\/\/diabahia.com.br\/index.php\/wp-json\/wp\/v2\/users\/2"}],"replies":[{"embeddable":true,"href":"https:\/\/diabahia.com.br\/index.php\/wp-json\/wp\/v2\/comments?post=4396"}],"version-history":[{"count":0,"href":"https:\/\/diabahia.com.br\/index.php\/wp-json\/wp\/v2\/posts\/4396\/revisions"}],"wp:featuredmedia":[{"embeddable":true,"href":"https:\/\/diabahia.com.br\/index.php\/wp-json\/wp\/v2\/media\/4397"}],"wp:attachment":[{"href":"https:\/\/diabahia.com.br\/index.php\/wp-json\/wp\/v2\/media?parent=4396"}],"wp:term":[{"taxonomy":"category","embeddable":true,"href":"https:\/\/diabahia.com.br\/index.php\/wp-json\/wp\/v2\/categories?post=4396"},{"taxonomy":"post_tag","embeddable":true,"href":"https:\/\/diabahia.com.br\/index.php\/wp-json\/wp\/v2\/tags?post=4396"}],"curies":[{"name":"wp","href":"https:\/\/api.w.org\/{rel}","templated":true}]}}