{"id":4329,"date":"2023-10-03T14:08:39","date_gmt":"2023-10-03T17:08:39","guid":{"rendered":"https:\/\/diabahia.com.br\/?p=4329"},"modified":"2023-10-03T14:08:41","modified_gmt":"2023-10-03T17:08:41","slug":"presidente-do-pdt-solta-o-verbo-sobre-possivel-retirada-de-ana-paula-matos-da-vice-em-2024-entenda","status":"publish","type":"post","link":"https:\/\/diabahia.com.br\/index.php\/2023\/10\/03\/presidente-do-pdt-solta-o-verbo-sobre-possivel-retirada-de-ana-paula-matos-da-vice-em-2024-entenda\/","title":{"rendered":"Presidente do PDT solta o verbo sobre poss\u00edvel retirada de Ana Paula Matos da vice em 2024; entenda"},"content":{"rendered":"\n<p>O presidente do PDT na Bahia, o deputado federal\u00a0F\u00e9lix Mendon\u00e7a J\u00fanior, n\u00e3o economizou palavras para falar sobre a possibilidade da vice-prefeita Ana Paula Matos (PDT) para compor a chapa para as elei\u00e7\u00f5es de 2024.<\/p>\n\n\n\n<p>Ap\u00f3s afirmar ao MetroPod, desta segunda-feira (2), que seu partido poderia \u201ccriar problema\u201d caso isso ocorresse, F\u00e9lix tentou minimizar a declara\u00e7\u00e3o. \u201cEla est\u00e1 fazendo um bom papel, tem um bom desempenho, \u00e9 uma boa candidata, ent\u00e3o por que tirar?\u201d, disse o pedetista na oportunidade.<\/p>\n\n\n\n<p>Em conversa com o\u00a0BNews, nesta ter\u00e7a-feira (3), F\u00e9lix disse que a declara\u00e7\u00e3o foi feita em tom de brincadeira. \u201cO coment\u00e1rio foi um coment\u00e1rio bem-humorado. Primeiro que a gente acredita que a chapa n\u00e3o vai deixar de ser Bruno e Ana Paula\u201d, disse.<\/p>\n\n\n\n<p>\u201cFato \u00e9 que a gente vai conversar com Bruno, conversar com os outros partidos aliados, que tamb\u00e9m tem muita import\u00e2ncia e esperamos que n\u00e3o tenhamos nenhum tipo de entrave\u201d, acrescentou.<\/p>\n\n\n\n<p>Ao ser questionado se j\u00e1 houve alguma conversa para confirmar o nome de Ana Paula para ser a candidata a vice, Felix disse o natural \u00e9 o nome dela \u00e9 o natural para o posto. &#8220;A normalidade \u00e9 que ela seja (candidata a vice na chapa). Ent\u00e3o, n\u00e3o teria uma conversa pra dizer que ela pode ser. Ela j\u00e1 \u00e9. Ent\u00e3o, qualquer conversa seria um alerta para ela n\u00e3o ser&#8221;, afirmou.<\/p>\n\n\n\n<p>Ao ser questionado sobre as especula\u00e7\u00f5es em torno do nome do deputado federal Leo Prates, que tamb\u00e9m foi cotado para ser vice de Bruno Reis em 2024, F\u00e9lix descartou a possibilidade. \u201cLeo mesmo j\u00e1 disse que apoia Ana Paula. Agora, ele tem a inten\u00e7\u00e3o de participar de 2028\u201d, revelou.<\/p>\n\n\n\n<p>Fonte: Bnews <\/p>\n\n\n\n<p><\/p>\n","protected":false},"excerpt":{"rendered":"<p>O presidente do PDT na Bahia, o deputado federal\u00a0F\u00e9lix Mendon\u00e7a J\u00fanior, n\u00e3o economizou palavras para falar sobre a possibilidade da vice-prefeita Ana Paula Matos (PDT) para compor a chapa para as elei\u00e7\u00f5es de 2024. Ap\u00f3s afirmar ao MetroPod, desta segunda-feira (2), que seu partido poderia \u201ccriar problema\u201d caso isso ocorresse, F\u00e9lix tentou minimizar a declara\u00e7\u00e3o. [&hellip;]<\/p>\n","protected":false},"author":2,"featured_media":4330,"comment_status":"open","ping_status":"open","sticky":false,"template":"","format":"standard","meta":{"footnotes":""},"categories":[91],"tags":[],"class_list":["post-4329","post","type-post","status-publish","format-standard","has-post-thumbnail","hentry","category-politica"],"_links":{"self":[{"href":"https:\/\/diabahia.com.br\/index.php\/wp-json\/wp\/v2\/posts\/4329","targetHints":{"allow":["GET"]}}],"collection":[{"href":"https:\/\/diabahia.com.br\/index.php\/wp-json\/wp\/v2\/posts"}],"about":[{"href":"https:\/\/diabahia.com.br\/index.php\/wp-json\/wp\/v2\/types\/post"}],"author":[{"embeddable":true,"href":"https:\/\/diabahia.com.br\/index.php\/wp-json\/wp\/v2\/users\/2"}],"replies":[{"embeddable":true,"href":"https:\/\/diabahia.com.br\/index.php\/wp-json\/wp\/v2\/comments?post=4329"}],"version-history":[{"count":0,"href":"https:\/\/diabahia.com.br\/index.php\/wp-json\/wp\/v2\/posts\/4329\/revisions"}],"wp:featuredmedia":[{"embeddable":true,"href":"https:\/\/diabahia.com.br\/index.php\/wp-json\/wp\/v2\/media\/4330"}],"wp:attachment":[{"href":"https:\/\/diabahia.com.br\/index.php\/wp-json\/wp\/v2\/media?parent=4329"}],"wp:term":[{"taxonomy":"category","embeddable":true,"href":"https:\/\/diabahia.com.br\/index.php\/wp-json\/wp\/v2\/categories?post=4329"},{"taxonomy":"post_tag","embeddable":true,"href":"https:\/\/diabahia.com.br\/index.php\/wp-json\/wp\/v2\/tags?post=4329"}],"curies":[{"name":"wp","href":"https:\/\/api.w.org\/{rel}","templated":true}]}}