{"id":4264,"date":"2023-10-02T13:32:33","date_gmt":"2023-10-02T16:32:33","guid":{"rendered":"https:\/\/diabahia.com.br\/?p=4264"},"modified":"2023-10-02T13:32:35","modified_gmt":"2023-10-02T16:32:35","slug":"saiba-como-vai-ficar-o-transito-apos-construcao-de-viaduto-para-desafogar-trafego-na-regiao-da-acm-em-salvador","status":"publish","type":"post","link":"https:\/\/diabahia.com.br\/index.php\/2023\/10\/02\/saiba-como-vai-ficar-o-transito-apos-construcao-de-viaduto-para-desafogar-trafego-na-regiao-da-acm-em-salvador\/","title":{"rendered":"Saiba como vai ficar o tr\u00e2nsito ap\u00f3s constru\u00e7\u00e3o de viaduto para &#8220;desafogar&#8221; tr\u00e1fego na regi\u00e3o da ACM em Salvador"},"content":{"rendered":"\n<p>A Prefeitura de Salvador iniciou mais uma obra vi\u00e1ria para ampliar a mobilidade na regi\u00e3o da Av. ACM, uma das principais bases de tr\u00e1fego da cidade. O prefeito Bruno Reis assinou nesta segunda-feira (2) a ordem de servi\u00e7o para a constru\u00e7\u00e3o de um novo viaduto, que ficar\u00e1 localizado nas imedia\u00e7\u00f5es do 3\u00ba Batalh\u00e3o de Bombeiros Militar. A novidade foi\u00a0antecipada pelo Bahia Not\u00edcias no \u00faltimo s\u00e1bado\u00a0(30).<\/p>\n\n\n\n<p>Durante o evento desta segunda, a gest\u00e3o municipal mostrou uma proje\u00e7\u00e3o do novo viaduto e como ficar\u00e1 o tr\u00e1fego na regi\u00e3o. Confira abaixo:<\/p>\n\n\n\n<figure class=\"wp-block-embed is-type-rich is-provider-twitter wp-block-embed-twitter\"><div class=\"wp-block-embed__wrapper\">\n<blockquote class=\"twitter-tweet\" data-width=\"500\" data-dnt=\"true\"><p lang=\"pt\" dir=\"ltr\">Saiba como vai ficar o tr\u00e2nsito ap\u00f3s constru\u00e7\u00e3o de viaduto para &quot;desafogar&quot; tr\u00e1fego na regi\u00e3o da ACM em Salvador<br><br>Veja \u25b6\ufe0f <a href=\"https:\/\/t.co\/Qgc29gt13W\">pic.twitter.com\/Qgc29gt13W<\/a><\/p>&mdash; Bahia Not\u00edcias (@BahiaNoticias) <a href=\"https:\/\/twitter.com\/BahiaNoticias\/status\/1708852001751105861?ref_src=twsrc%5Etfw\">October 2, 2023<\/a><\/blockquote><script async src=\"https:\/\/platform.twitter.com\/widgets.js\" charset=\"utf-8\"><\/script>\n<\/div><\/figure>\n\n\n\n<p>Fonte: Bahia Not\u00edcias <\/p>\n","protected":false},"excerpt":{"rendered":"<p>A Prefeitura de Salvador iniciou mais uma obra vi\u00e1ria para ampliar a mobilidade na regi\u00e3o da Av. ACM, uma das principais bases de tr\u00e1fego da cidade. O prefeito Bruno Reis assinou nesta segunda-feira (2) a ordem de servi\u00e7o para a constru\u00e7\u00e3o de um novo viaduto, que ficar\u00e1 localizado nas imedia\u00e7\u00f5es do 3\u00ba Batalh\u00e3o de Bombeiros [&hellip;]<\/p>\n","protected":false},"author":2,"featured_media":4265,"comment_status":"open","ping_status":"open","sticky":false,"template":"","format":"standard","meta":{"footnotes":""},"categories":[91],"tags":[],"class_list":["post-4264","post","type-post","status-publish","format-standard","has-post-thumbnail","hentry","category-politica"],"_links":{"self":[{"href":"https:\/\/diabahia.com.br\/index.php\/wp-json\/wp\/v2\/posts\/4264","targetHints":{"allow":["GET"]}}],"collection":[{"href":"https:\/\/diabahia.com.br\/index.php\/wp-json\/wp\/v2\/posts"}],"about":[{"href":"https:\/\/diabahia.com.br\/index.php\/wp-json\/wp\/v2\/types\/post"}],"author":[{"embeddable":true,"href":"https:\/\/diabahia.com.br\/index.php\/wp-json\/wp\/v2\/users\/2"}],"replies":[{"embeddable":true,"href":"https:\/\/diabahia.com.br\/index.php\/wp-json\/wp\/v2\/comments?post=4264"}],"version-history":[{"count":0,"href":"https:\/\/diabahia.com.br\/index.php\/wp-json\/wp\/v2\/posts\/4264\/revisions"}],"wp:featuredmedia":[{"embeddable":true,"href":"https:\/\/diabahia.com.br\/index.php\/wp-json\/wp\/v2\/media\/4265"}],"wp:attachment":[{"href":"https:\/\/diabahia.com.br\/index.php\/wp-json\/wp\/v2\/media?parent=4264"}],"wp:term":[{"taxonomy":"category","embeddable":true,"href":"https:\/\/diabahia.com.br\/index.php\/wp-json\/wp\/v2\/categories?post=4264"},{"taxonomy":"post_tag","embeddable":true,"href":"https:\/\/diabahia.com.br\/index.php\/wp-json\/wp\/v2\/tags?post=4264"}],"curies":[{"name":"wp","href":"https:\/\/api.w.org\/{rel}","templated":true}]}}