{"id":4151,"date":"2023-09-28T10:47:57","date_gmt":"2023-09-28T13:47:57","guid":{"rendered":"https:\/\/diabahia.com.br\/?p=4151"},"modified":"2023-09-28T10:48:00","modified_gmt":"2023-09-28T13:48:00","slug":"bolsonaro-volta-ser-internado-em-brasilia","status":"publish","type":"post","link":"https:\/\/diabahia.com.br\/index.php\/2023\/09\/28\/bolsonaro-volta-ser-internado-em-brasilia\/","title":{"rendered":"Bolsonaro volta ser internado em Bras\u00edlia"},"content":{"rendered":"\n<p>O\u00a0ex-presidente Jair Bolsonaro (PL)\u00a0voltou a ser internado nesta quarta-feira (27), em Bras\u00edlia, ap\u00f3s sentir um desconforto intestinal.<\/p>\n\n\n\n<p>A informa\u00e7\u00e3o foi divulgada por Fabio Wajngarten, advogado do ex-chefe do Executivo e ex-secret\u00e1rio-executivo do Minist\u00e9rio das Comunica\u00e7\u00f5es.\u00a0 <\/p>\n\n\n\n<p>Bolsonaro foi internado no Hospital DF Star, onde passou por exames do tr\u00e1fego digestivo, entre eles uma lavagem intestinal. Ele recebeu alta m\u00e9dica ainda nesta quarta e retornou para a sua resid\u00eancia na capital federal.<\/p>\n\n\n\n<p>Na \u00faltima semana, o ex-presidente foi internado em Bras\u00edlia por desconforto intestinal. Antes disso, ele foi hospitalizado em S\u00e3o Paulo e passou por uma endoscopia para tratamento de um reflux gastroesof\u00e1gico.<\/p>\n\n\n\n<p>Segundo Wajngarten, as inten\u00e7\u00f5es do ex-presidente s\u00e3o decorrentes da facada que ele levou em 2018, quando participava de um evento eleitoral em Minas Gerais.<\/p>\n\n\n\n<p>Fonte: Bnews <\/p>\n","protected":false},"excerpt":{"rendered":"<p>O\u00a0ex-presidente Jair Bolsonaro (PL)\u00a0voltou a ser internado nesta quarta-feira (27), em Bras\u00edlia, ap\u00f3s sentir um desconforto intestinal. A informa\u00e7\u00e3o foi divulgada por Fabio Wajngarten, advogado do ex-chefe do Executivo e ex-secret\u00e1rio-executivo do Minist\u00e9rio das Comunica\u00e7\u00f5es.\u00a0 Bolsonaro foi internado no Hospital DF Star, onde passou por exames do tr\u00e1fego digestivo, entre eles uma lavagem intestinal. Ele [&hellip;]<\/p>\n","protected":false},"author":2,"featured_media":4152,"comment_status":"open","ping_status":"open","sticky":false,"template":"","format":"standard","meta":{"footnotes":""},"categories":[91],"tags":[],"class_list":["post-4151","post","type-post","status-publish","format-standard","has-post-thumbnail","hentry","category-politica"],"_links":{"self":[{"href":"https:\/\/diabahia.com.br\/index.php\/wp-json\/wp\/v2\/posts\/4151","targetHints":{"allow":["GET"]}}],"collection":[{"href":"https:\/\/diabahia.com.br\/index.php\/wp-json\/wp\/v2\/posts"}],"about":[{"href":"https:\/\/diabahia.com.br\/index.php\/wp-json\/wp\/v2\/types\/post"}],"author":[{"embeddable":true,"href":"https:\/\/diabahia.com.br\/index.php\/wp-json\/wp\/v2\/users\/2"}],"replies":[{"embeddable":true,"href":"https:\/\/diabahia.com.br\/index.php\/wp-json\/wp\/v2\/comments?post=4151"}],"version-history":[{"count":0,"href":"https:\/\/diabahia.com.br\/index.php\/wp-json\/wp\/v2\/posts\/4151\/revisions"}],"wp:featuredmedia":[{"embeddable":true,"href":"https:\/\/diabahia.com.br\/index.php\/wp-json\/wp\/v2\/media\/4152"}],"wp:attachment":[{"href":"https:\/\/diabahia.com.br\/index.php\/wp-json\/wp\/v2\/media?parent=4151"}],"wp:term":[{"taxonomy":"category","embeddable":true,"href":"https:\/\/diabahia.com.br\/index.php\/wp-json\/wp\/v2\/categories?post=4151"},{"taxonomy":"post_tag","embeddable":true,"href":"https:\/\/diabahia.com.br\/index.php\/wp-json\/wp\/v2\/tags?post=4151"}],"curies":[{"name":"wp","href":"https:\/\/api.w.org\/{rel}","templated":true}]}}