{"id":4145,"date":"2023-09-28T10:31:57","date_gmt":"2023-09-28T13:31:57","guid":{"rendered":"https:\/\/diabahia.com.br\/?p=4145"},"modified":"2023-09-28T10:31:59","modified_gmt":"2023-09-28T13:31:59","slug":"rosa-weber-se-despede-do-stf-e-abre-nova-vaga-para-indicacao-de-lula","status":"publish","type":"post","link":"https:\/\/diabahia.com.br\/index.php\/2023\/09\/28\/rosa-weber-se-despede-do-stf-e-abre-nova-vaga-para-indicacao-de-lula\/","title":{"rendered":"Rosa Weber se despede do STF e abre nova vaga para indica\u00e7\u00e3o de Lula"},"content":{"rendered":"\n<p>A ministra Rosa Weber presidiu, nesta quarta-feira (27), a \u00faltima sess\u00e3o no comando do Supremo Tribunal Federal (STF). Nomeada pela ex-presidente Dilma Rousseff em 2011, Rosa deixar\u00e1 o tribunal nos pr\u00f3ximos dias ao completar 75 anos e se aposentar compulsoriamente.<\/p>\n\n\n\n<p>No discurso de despedida, a ministra destacou os atos golpistas de 8 de janeiro. Ela lembrou que, pela primeira vez na hist\u00f3ria, a sede da Corte foi invadida e depredada. Rosa afirmou que o epis\u00f3dio mostrou que a \u201cdemocracia ficou inabalada\u201d.<\/p>\n\n\n\n<p>\u201cInabalada restou nossa democracia, como inabal\u00e1vel continua, simbolizada neste plen\u00e1rio inteiramente restaurado. Ficou a advert\u00eancia, cabe a todos a defesa intransigente da democracia constitucional\u201d, afirmou.<\/p>\n\n\n\n<p>Rosa Weber disse ainda que teve a oportunidade de conhecer o pa\u00eds ao visitar pres\u00eddios, quilombos e terras ind\u00edgenas.<\/p>\n\n\n\n<p>\u201cA partir dos trabalhos desenvolvidos, mais e melhor conhecer esse Brasil de tantos brasis, esse Brasil plural, de tantas desigualdades e mazelas e, ao mesmo tempo, de tantas belezas e de riquezas de toda ordem\u201d, concluiu.<\/p>\n\n\n\n<p>Amanh\u00e3 (28), em substitui\u00e7\u00e3o a Rosa Weber, o ministro Lu\u00eds Roberto Barroso tomar\u00e1 posse no cargo de presidente da Corte.<\/p>\n\n\n\n<p><strong>Trajet\u00f3ria<\/strong><br>Rosa tomou posse em dezembro de 2011. Ela entrou na vaga deixada pela aposentadoria da ministra Ellen Gracie, primeira mulher a ser nomeada para a Corte, em 2000.<\/p>\n\n\n\n<p>Weber foi indicada pela ex-presidente Dilma Rousseff. Antes de chegar ao Supremo, a ministra fez carreira na Justi\u00e7a do Trabalho, onde iniciou como ju\u00edza trabalhista no Rio Grande do Sul e chegou ao cargo de ministra do Tribunal Superior do Trabalho (TST).<\/p>\n\n\n\n<p>Durante sua passagem pela Corte, a ministra se destacou pelo voto proferido a favor da descriminaliza\u00e7\u00e3o do aborto at\u00e9 a 12\u00aa semana de gesta\u00e7\u00e3o e a manifesta\u00e7\u00e3o contra o habeas corpus preventivo para evitar a pris\u00e3o do presidente Luiz In\u00e1cio Lula da Silva, em 2018.<\/p>\n\n\n\n<p>Nesta semana, na fun\u00e7\u00e3o de presidente do Conselho Nacional de Justi\u00e7a (CNJ), Rosa conseguiu articular a aprova\u00e7\u00e3o da resolu\u00e7\u00e3o para ampliar a promo\u00e7\u00e3o de mulheres na magistratura.<\/p>\n\n\n\n<p>No CNJ, a ministra tamb\u00e9m retomou a realiza\u00e7\u00e3o de mutir\u00f5es carcer\u00e1rios e visitou territ\u00f3rios ind\u00edgenas, al\u00e9m de lan\u00e7ar a primeira Constitui\u00e7\u00e3o em l\u00ednguas ind\u00edgenas.<\/p>\n\n\n\n<p><strong>Vaga aberta<\/strong><br>A vaga deixada por Rosa Weber dever\u00e1 ser preenchida por indica\u00e7\u00e3o do presidente Luiz In\u00e1cio Lula da Silva. N\u00e3o h\u00e1 prazo para a nomea\u00e7\u00e3o.<\/p>\n\n\n\n<p>Ap\u00f3s a defini\u00e7\u00e3o do nome, o indicado precisar\u00e1 ser aprovado pela Comiss\u00e3o de Constitui\u00e7\u00e3o e Justi\u00e7a (CCJ) do Senado e pelo plen\u00e1rio da Casa. Em seguida, a posse ser\u00e1 marcada.<\/p>\n\n\n\n<p>Com a sa\u00edda de Rosa, o plen\u00e1rio da Corte ser\u00e1 composto, ainda que temporariamente, por apenas uma mulher, a ministra C\u00e1rmen L\u00facia. O cen\u00e1rio pode ser alterado a depender da indica\u00e7\u00e3o de Lula.<\/p>\n\n\n\n<p>Fonte: Varela Net <\/p>\n","protected":false},"excerpt":{"rendered":"<p>A ministra Rosa Weber presidiu, nesta quarta-feira (27), a \u00faltima sess\u00e3o no comando do Supremo Tribunal Federal (STF). Nomeada pela ex-presidente Dilma Rousseff em 2011, Rosa deixar\u00e1 o tribunal nos pr\u00f3ximos dias ao completar 75 anos e se aposentar compulsoriamente. No discurso de despedida, a ministra destacou os atos golpistas de 8 de janeiro. Ela [&hellip;]<\/p>\n","protected":false},"author":2,"featured_media":4146,"comment_status":"open","ping_status":"open","sticky":false,"template":"","format":"standard","meta":{"footnotes":""},"categories":[107],"tags":[],"class_list":["post-4145","post","type-post","status-publish","format-standard","has-post-thumbnail","hentry","category-justica"],"_links":{"self":[{"href":"https:\/\/diabahia.com.br\/index.php\/wp-json\/wp\/v2\/posts\/4145","targetHints":{"allow":["GET"]}}],"collection":[{"href":"https:\/\/diabahia.com.br\/index.php\/wp-json\/wp\/v2\/posts"}],"about":[{"href":"https:\/\/diabahia.com.br\/index.php\/wp-json\/wp\/v2\/types\/post"}],"author":[{"embeddable":true,"href":"https:\/\/diabahia.com.br\/index.php\/wp-json\/wp\/v2\/users\/2"}],"replies":[{"embeddable":true,"href":"https:\/\/diabahia.com.br\/index.php\/wp-json\/wp\/v2\/comments?post=4145"}],"version-history":[{"count":0,"href":"https:\/\/diabahia.com.br\/index.php\/wp-json\/wp\/v2\/posts\/4145\/revisions"}],"wp:featuredmedia":[{"embeddable":true,"href":"https:\/\/diabahia.com.br\/index.php\/wp-json\/wp\/v2\/media\/4146"}],"wp:attachment":[{"href":"https:\/\/diabahia.com.br\/index.php\/wp-json\/wp\/v2\/media?parent=4145"}],"wp:term":[{"taxonomy":"category","embeddable":true,"href":"https:\/\/diabahia.com.br\/index.php\/wp-json\/wp\/v2\/categories?post=4145"},{"taxonomy":"post_tag","embeddable":true,"href":"https:\/\/diabahia.com.br\/index.php\/wp-json\/wp\/v2\/tags?post=4145"}],"curies":[{"name":"wp","href":"https:\/\/api.w.org\/{rel}","templated":true}]}}