{"id":4142,"date":"2023-09-28T10:30:16","date_gmt":"2023-09-28T13:30:16","guid":{"rendered":"https:\/\/diabahia.com.br\/?p=4142"},"modified":"2023-09-28T10:30:18","modified_gmt":"2023-09-28T13:30:18","slug":"pf-cumpre-tres-mandados-de-prisao-contra-golpistas-de-8-de-janeiro","status":"publish","type":"post","link":"https:\/\/diabahia.com.br\/index.php\/2023\/09\/28\/pf-cumpre-tres-mandados-de-prisao-contra-golpistas-de-8-de-janeiro\/","title":{"rendered":"PF cumpre tr\u00eas mandados de pris\u00e3o contra golpistas de 8 de janeiro"},"content":{"rendered":"\n<p>A Pol\u00edcia Federal deflagrou, nesta quarta-feira (27), a 17\u00aa fase da Opera\u00e7\u00e3o Lesa P\u00e1tria, visando \u201cidentificar pessoas que depredaram, instigaram, financiaram e fomentaram\u201d os atos de vandalismo ocorridos nas sedes dos Tr\u00eas Poderes, em Bras\u00edlia, durante a tentativa de golpe do 8 de janeiro de 2023.<\/p>\n\n\n\n<p>Segundo os investigadores, tr\u00eas mandados de pris\u00e3o preventiva e dez mandados de busca e apreens\u00e3o est\u00e3o sendo cumpridos por determina\u00e7\u00e3o do Supremo Tribunal Federal em S\u00e3o Paulo, Paran\u00e1, Minas Gerais, Goi\u00e1s e no Distrito Federal.<\/p>\n\n\n\n<p>\u201cOs fatos investigados constituem, em tese, os crimes de aboli\u00e7\u00e3o violenta do Estado Democr\u00e1tico de Direito, golpe de Estado, dano qualificado, associa\u00e7\u00e3o criminosa, incita\u00e7\u00e3o ao crime, destrui\u00e7\u00e3o e deteriora\u00e7\u00e3o ou inutiliza\u00e7\u00e3o de bem especialmente protegido\u201d, informou a Pol\u00edcia Federal.<\/p>\n\n\n\n<p>Fonte: Varela Net <\/p>\n","protected":false},"excerpt":{"rendered":"<p>A Pol\u00edcia Federal deflagrou, nesta quarta-feira (27), a 17\u00aa fase da Opera\u00e7\u00e3o Lesa P\u00e1tria, visando \u201cidentificar pessoas que depredaram, instigaram, financiaram e fomentaram\u201d os atos de vandalismo ocorridos nas sedes dos Tr\u00eas Poderes, em Bras\u00edlia, durante a tentativa de golpe do 8 de janeiro de 2023. Segundo os investigadores, tr\u00eas mandados de pris\u00e3o preventiva e [&hellip;]<\/p>\n","protected":false},"author":2,"featured_media":4143,"comment_status":"open","ping_status":"open","sticky":false,"template":"","format":"standard","meta":{"footnotes":""},"categories":[105],"tags":[],"class_list":["post-4142","post","type-post","status-publish","format-standard","has-post-thumbnail","hentry","category-policia"],"_links":{"self":[{"href":"https:\/\/diabahia.com.br\/index.php\/wp-json\/wp\/v2\/posts\/4142","targetHints":{"allow":["GET"]}}],"collection":[{"href":"https:\/\/diabahia.com.br\/index.php\/wp-json\/wp\/v2\/posts"}],"about":[{"href":"https:\/\/diabahia.com.br\/index.php\/wp-json\/wp\/v2\/types\/post"}],"author":[{"embeddable":true,"href":"https:\/\/diabahia.com.br\/index.php\/wp-json\/wp\/v2\/users\/2"}],"replies":[{"embeddable":true,"href":"https:\/\/diabahia.com.br\/index.php\/wp-json\/wp\/v2\/comments?post=4142"}],"version-history":[{"count":0,"href":"https:\/\/diabahia.com.br\/index.php\/wp-json\/wp\/v2\/posts\/4142\/revisions"}],"wp:featuredmedia":[{"embeddable":true,"href":"https:\/\/diabahia.com.br\/index.php\/wp-json\/wp\/v2\/media\/4143"}],"wp:attachment":[{"href":"https:\/\/diabahia.com.br\/index.php\/wp-json\/wp\/v2\/media?parent=4142"}],"wp:term":[{"taxonomy":"category","embeddable":true,"href":"https:\/\/diabahia.com.br\/index.php\/wp-json\/wp\/v2\/categories?post=4142"},{"taxonomy":"post_tag","embeddable":true,"href":"https:\/\/diabahia.com.br\/index.php\/wp-json\/wp\/v2\/tags?post=4142"}],"curies":[{"name":"wp","href":"https:\/\/api.w.org\/{rel}","templated":true}]}}