{"id":3815,"date":"2023-09-15T11:49:20","date_gmt":"2023-09-15T14:49:20","guid":{"rendered":"https:\/\/diabahia.com.br\/?p=3815"},"modified":"2023-09-15T11:49:22","modified_gmt":"2023-09-15T14:49:22","slug":"colisao-entre-carros-interdita-pista-marginal-na-paralela","status":"publish","type":"post","link":"https:\/\/diabahia.com.br\/index.php\/2023\/09\/15\/colisao-entre-carros-interdita-pista-marginal-na-paralela\/","title":{"rendered":"Colis\u00e3o entre carros interdita pista marginal na Paralela"},"content":{"rendered":"\n<p>Uma batida entre carros interdita uma pista marginal na avenida Lu\u00eds Viana (Paralela), na manh\u00e3 desta sexta-feira (15). A pista marginal interditada \u00e9 a que permite acesso ao viaduto\u00a0Eliana K\u00e9rtesz,pr\u00f3ximo ao Shopping Paralela, no sentido Aeroporto. O acidente aconteceu na subida do viaduto localizado antes do shopping.\u00a0<\/p>\n\n\n\n<p>Nas imagens \u00e9 poss\u00edvel ver que os dois carros envolvidos no acidente ficaram com o fundo colado. Estilha\u00e7os dos vidros do carro ficaram no meio da pista. A Pol\u00edcia Militar est\u00e1 no local organizando o tr\u00e2nsito.&nbsp;<\/p>\n\n\n\n<p>Segundo a\u00a0Superintend\u00eancia de Tr\u00e2nsito do Salvador\u00a0(Transalvador) o tr\u00e2nsito no local est\u00e1 congestionado por conta do acidente. Ainda n\u00e3o h\u00e1 informa\u00e7\u00f5es se o acidente deixou algum ferido.\u00a0<\/p>\n\n\n\n<figure class=\"wp-block-embed is-type-rich is-provider-twitter wp-block-embed-twitter\"><div class=\"wp-block-embed__wrapper\">\n<blockquote class=\"twitter-tweet\" data-width=\"500\" data-dnt=\"true\"><p lang=\"pt\" dir=\"ltr\">Colis\u00e3o entre carros interdita pista marginal na Paralela<br><br>Veja \u25b6\ufe0f <a href=\"https:\/\/t.co\/zYOIEmKhBA\">pic.twitter.com\/zYOIEmKhBA<\/a><\/p>&mdash; Bahia Not\u00edcias (@BahiaNoticias) <a href=\"https:\/\/twitter.com\/BahiaNoticias\/status\/1702686142540263836?ref_src=twsrc%5Etfw\">September 15, 2023<\/a><\/blockquote><script async src=\"https:\/\/platform.twitter.com\/widgets.js\" charset=\"utf-8\"><\/script>\n<\/div><figcaption class=\"wp-element-caption\">Fonte: Bahia Not\u00edcias <\/figcaption><\/figure>\n","protected":false},"excerpt":{"rendered":"<p>Uma batida entre carros interdita uma pista marginal na avenida Lu\u00eds Viana (Paralela), na manh\u00e3 desta sexta-feira (15). A pista marginal interditada \u00e9 a que permite acesso ao viaduto\u00a0Eliana K\u00e9rtesz,pr\u00f3ximo ao Shopping Paralela, no sentido Aeroporto. O acidente aconteceu na subida do viaduto localizado antes do shopping.\u00a0 Nas imagens \u00e9 poss\u00edvel ver que os dois [&hellip;]<\/p>\n","protected":false},"author":2,"featured_media":3816,"comment_status":"open","ping_status":"open","sticky":false,"template":"","format":"standard","meta":{"footnotes":""},"categories":[85],"tags":[],"class_list":["post-3815","post","type-post","status-publish","format-standard","has-post-thumbnail","hentry","category-noticias"],"_links":{"self":[{"href":"https:\/\/diabahia.com.br\/index.php\/wp-json\/wp\/v2\/posts\/3815","targetHints":{"allow":["GET"]}}],"collection":[{"href":"https:\/\/diabahia.com.br\/index.php\/wp-json\/wp\/v2\/posts"}],"about":[{"href":"https:\/\/diabahia.com.br\/index.php\/wp-json\/wp\/v2\/types\/post"}],"author":[{"embeddable":true,"href":"https:\/\/diabahia.com.br\/index.php\/wp-json\/wp\/v2\/users\/2"}],"replies":[{"embeddable":true,"href":"https:\/\/diabahia.com.br\/index.php\/wp-json\/wp\/v2\/comments?post=3815"}],"version-history":[{"count":0,"href":"https:\/\/diabahia.com.br\/index.php\/wp-json\/wp\/v2\/posts\/3815\/revisions"}],"wp:featuredmedia":[{"embeddable":true,"href":"https:\/\/diabahia.com.br\/index.php\/wp-json\/wp\/v2\/media\/3816"}],"wp:attachment":[{"href":"https:\/\/diabahia.com.br\/index.php\/wp-json\/wp\/v2\/media?parent=3815"}],"wp:term":[{"taxonomy":"category","embeddable":true,"href":"https:\/\/diabahia.com.br\/index.php\/wp-json\/wp\/v2\/categories?post=3815"},{"taxonomy":"post_tag","embeddable":true,"href":"https:\/\/diabahia.com.br\/index.php\/wp-json\/wp\/v2\/tags?post=3815"}],"curies":[{"name":"wp","href":"https:\/\/api.w.org\/{rel}","templated":true}]}}