{"id":3812,"date":"2023-09-15T11:28:15","date_gmt":"2023-09-15T14:28:15","guid":{"rendered":"https:\/\/diabahia.com.br\/?p=3812"},"modified":"2023-09-15T11:28:17","modified_gmt":"2023-09-15T14:28:17","slug":"governador-fala-sobre-operacao-com-morte-de-policial-em-salvador","status":"publish","type":"post","link":"https:\/\/diabahia.com.br\/index.php\/2023\/09\/15\/governador-fala-sobre-operacao-com-morte-de-policial-em-salvador\/","title":{"rendered":"Governador fala sobre opera\u00e7\u00e3o com morte de policial em Salvador"},"content":{"rendered":"\n<p>O Governador da Bahia, Jer\u00f4nimo Rodrigues, declarou na manh\u00e3 desta sexta-feira (15), que a determina\u00e7\u00e3o \u00e9 de que a pol\u00edcia &#8220;n\u00e3o d\u00ea tr\u00e9gua&#8221;, ap\u00f3s a morte de um policial federal durante opera\u00e7\u00e3o da For\u00e7a Integrada de Combate ao Crime Organizado (FICCO), no bairro de Val\u00e9ria, em Salvador.<\/p>\n\n\n\n<p>&#8220;N\u00f3s n\u00e3o queremos e [n\u00e3o] determinamos que sejam trazidos corpos. Queremos presos, para que a gente possa, a partir da pris\u00e3o deles, garantir mais informa\u00e7\u00f5es e fazer uma opera\u00e7\u00e3o com sucesso&#8221;, afirmou.<\/p>\n\n\n\n<p>A declara\u00e7\u00e3o foi feita durante a apresenta\u00e7\u00e3o de novas viaturas na cidade de Feiras de Santana, nessa sexta, a 100km de Salvador. Jer\u00f4nimo Rodrigues foi questionado sobre o assunto durante coletiva e tamb\u00e9m lamentou a morte do policial.<\/p>\n\n\n\n<p>&#8220;Eu quero me solidarizar com a Pol\u00edcia Federal, que perdeu um homem na iniciativa de uma opera\u00e7\u00e3o, em Val\u00e9ria. \u00c9 uma iniciativa da pol\u00edcia em desmontar a atua\u00e7\u00e3o do crime organizado na Bahia&#8221;, disse Jer\u00f4nimo Rodrigues.<\/p>\n\n\n\n<p>Ainda segundo o governador, a determina\u00e7\u00e3o \u00e9 a mesma do secret\u00e1rio de Seguran\u00e7a P\u00fablica Marcelo Werner, do presidente Lula e do ministro Fl\u00e1vio Dino.<\/p>\n\n\n\n<p>Fonte: iBahia <\/p>\n","protected":false},"excerpt":{"rendered":"<p>O Governador da Bahia, Jer\u00f4nimo Rodrigues, declarou na manh\u00e3 desta sexta-feira (15), que a determina\u00e7\u00e3o \u00e9 de que a pol\u00edcia &#8220;n\u00e3o d\u00ea tr\u00e9gua&#8221;, ap\u00f3s a morte de um policial federal durante opera\u00e7\u00e3o da For\u00e7a Integrada de Combate ao Crime Organizado (FICCO), no bairro de Val\u00e9ria, em Salvador. &#8220;N\u00f3s n\u00e3o queremos e [n\u00e3o] determinamos que sejam [&hellip;]<\/p>\n","protected":false},"author":2,"featured_media":3813,"comment_status":"open","ping_status":"open","sticky":false,"template":"","format":"standard","meta":{"footnotes":""},"categories":[91],"tags":[],"class_list":["post-3812","post","type-post","status-publish","format-standard","has-post-thumbnail","hentry","category-politica"],"_links":{"self":[{"href":"https:\/\/diabahia.com.br\/index.php\/wp-json\/wp\/v2\/posts\/3812","targetHints":{"allow":["GET"]}}],"collection":[{"href":"https:\/\/diabahia.com.br\/index.php\/wp-json\/wp\/v2\/posts"}],"about":[{"href":"https:\/\/diabahia.com.br\/index.php\/wp-json\/wp\/v2\/types\/post"}],"author":[{"embeddable":true,"href":"https:\/\/diabahia.com.br\/index.php\/wp-json\/wp\/v2\/users\/2"}],"replies":[{"embeddable":true,"href":"https:\/\/diabahia.com.br\/index.php\/wp-json\/wp\/v2\/comments?post=3812"}],"version-history":[{"count":0,"href":"https:\/\/diabahia.com.br\/index.php\/wp-json\/wp\/v2\/posts\/3812\/revisions"}],"wp:featuredmedia":[{"embeddable":true,"href":"https:\/\/diabahia.com.br\/index.php\/wp-json\/wp\/v2\/media\/3813"}],"wp:attachment":[{"href":"https:\/\/diabahia.com.br\/index.php\/wp-json\/wp\/v2\/media?parent=3812"}],"wp:term":[{"taxonomy":"category","embeddable":true,"href":"https:\/\/diabahia.com.br\/index.php\/wp-json\/wp\/v2\/categories?post=3812"},{"taxonomy":"post_tag","embeddable":true,"href":"https:\/\/diabahia.com.br\/index.php\/wp-json\/wp\/v2\/tags?post=3812"}],"curies":[{"name":"wp","href":"https:\/\/api.w.org\/{rel}","templated":true}]}}