{"id":3805,"date":"2023-09-15T11:24:27","date_gmt":"2023-09-15T14:24:27","guid":{"rendered":"https:\/\/diabahia.com.br\/?p=3805"},"modified":"2023-09-15T11:24:29","modified_gmt":"2023-09-15T14:24:29","slug":"pf-manifesta-pesar-pela-morte-de-policial-em-operacao-contra-trafico-na-bahia","status":"publish","type":"post","link":"https:\/\/diabahia.com.br\/index.php\/2023\/09\/15\/pf-manifesta-pesar-pela-morte-de-policial-em-operacao-contra-trafico-na-bahia\/","title":{"rendered":"PF manifesta pesar pela morte de policial em opera\u00e7\u00e3o contra tr\u00e1fico na Bahia"},"content":{"rendered":"\n<p>A dire\u00e7\u00e3o-geral da Pol\u00edcia Federal emitiu nota manifestando profundo pesar pelo falecimento do agente de Pol\u00edcia Federal Lucas Carib\u00e9 Monteiro de Almeida, lotado no Grupo de Pronta Interven\u00e7\u00e3o (GPI) da Bahia, ocorrido nesta sexta-feira (15), em Salvador.<\/p>\n\n\n\n<p>Lucas Carib\u00e9 ingressou na Pol\u00edcia Federal em 2013, na SR\/PA, sendo inicialmente lotado na Delegacia de Repress\u00e3o a Crimes Contra o Patrim\u00f4nio e ao Tr\u00e1fico de Armas (DELEPAT\/PA) e, em seguida, na Delegacia de Repress\u00e3o a Entorpecentes (DRE\/PA).<\/p>\n\n\n\n<p>Passou a integrar, em 2019, a Superintend\u00eancia Regional da Pol\u00edcia Federal na Bahia, sendo lotado, inicialmente, no N\u00facleo Especial de Pol\u00edcia Mar\u00edtima (NEPOM\/BA). Atualmente, compunha o quadro de policiais do GPI. \u00a0O diretor-geral substituto da Pol\u00edcia Federal, Gustavo Paulo Leite de Souza, decretou luto oficial de tr\u00eas dias.\u00a0<\/p>\n\n\n\n<p>A corpora\u00e7\u00e3o disse estar empenhada e acompanhando de perto a investiga\u00e7\u00e3o das circunst\u00e2ncias que envolveram o falecimento. A Pol\u00edcia Civil da Bahia informou que o Departamento de Homic\u00eddios e Prote\u00e7\u00e3o \u00e0 Pessoa (DHPP)\u00a0assumiu a apura\u00e7\u00e3o do caso.<\/p>\n\n\n\n<p><strong>SECRET\u00c1RIO LAMENTA MORTE<\/strong><\/p>\n\n\n\n<p>O secret\u00e1rio de Seguran\u00e7a P\u00fablica da Bahia, Marcelo Werner, mostrou consterna\u00e7\u00e3o com a morte de Lucas Carib\u00e9. Em publica\u00e7\u00e3o nas redes sociais, Werner disse que Carib\u00e9 \u201cera um irm\u00e3o\u201d, e indicou que as for\u00e7as de seguran\u00e7a n\u00e3o v\u00e3o medir esfor\u00e7os para localizar os respons\u00e1veis pelo crime.<\/p>\n\n\n\n<p>\u201cFaremos tudo o que estiver ao alcance para levar os respons\u00e1veis \u00e0 Justi\u00e7a. Manter a serenidade e adotar todas as a\u00e7\u00f5es necess\u00e1rias para chegar aos respons\u00e1veis. Muitas equipes da PF, PC e PM na regi\u00e3o, inclusive especializadas\u201d, escreveu.<\/p>\n\n\n\n<p>Fonte: Bahia Not\u00edcias <\/p>\n","protected":false},"excerpt":{"rendered":"<p>A dire\u00e7\u00e3o-geral da Pol\u00edcia Federal emitiu nota manifestando profundo pesar pelo falecimento do agente de Pol\u00edcia Federal Lucas Carib\u00e9 Monteiro de Almeida, lotado no Grupo de Pronta Interven\u00e7\u00e3o (GPI) da Bahia, ocorrido nesta sexta-feira (15), em Salvador. Lucas Carib\u00e9 ingressou na Pol\u00edcia Federal em 2013, na SR\/PA, sendo inicialmente lotado na Delegacia de Repress\u00e3o a [&hellip;]<\/p>\n","protected":false},"author":2,"featured_media":3806,"comment_status":"open","ping_status":"open","sticky":false,"template":"","format":"standard","meta":{"footnotes":""},"categories":[105],"tags":[],"class_list":["post-3805","post","type-post","status-publish","format-standard","has-post-thumbnail","hentry","category-policia"],"_links":{"self":[{"href":"https:\/\/diabahia.com.br\/index.php\/wp-json\/wp\/v2\/posts\/3805","targetHints":{"allow":["GET"]}}],"collection":[{"href":"https:\/\/diabahia.com.br\/index.php\/wp-json\/wp\/v2\/posts"}],"about":[{"href":"https:\/\/diabahia.com.br\/index.php\/wp-json\/wp\/v2\/types\/post"}],"author":[{"embeddable":true,"href":"https:\/\/diabahia.com.br\/index.php\/wp-json\/wp\/v2\/users\/2"}],"replies":[{"embeddable":true,"href":"https:\/\/diabahia.com.br\/index.php\/wp-json\/wp\/v2\/comments?post=3805"}],"version-history":[{"count":0,"href":"https:\/\/diabahia.com.br\/index.php\/wp-json\/wp\/v2\/posts\/3805\/revisions"}],"wp:featuredmedia":[{"embeddable":true,"href":"https:\/\/diabahia.com.br\/index.php\/wp-json\/wp\/v2\/media\/3806"}],"wp:attachment":[{"href":"https:\/\/diabahia.com.br\/index.php\/wp-json\/wp\/v2\/media?parent=3805"}],"wp:term":[{"taxonomy":"category","embeddable":true,"href":"https:\/\/diabahia.com.br\/index.php\/wp-json\/wp\/v2\/categories?post=3805"},{"taxonomy":"post_tag","embeddable":true,"href":"https:\/\/diabahia.com.br\/index.php\/wp-json\/wp\/v2\/tags?post=3805"}],"curies":[{"name":"wp","href":"https:\/\/api.w.org\/{rel}","templated":true}]}}