{"id":3760,"date":"2023-09-14T15:03:44","date_gmt":"2023-09-14T18:03:44","guid":{"rendered":"https:\/\/diabahia.com.br\/?p=3760"},"modified":"2023-09-14T15:03:46","modified_gmt":"2023-09-14T18:03:46","slug":"ivete-sangalo-sobe-no-trio-com-samuel-rosa-em-gravacao-do-pipoca-da-ivete-em-salvador-nesta-quinta","status":"publish","type":"post","link":"https:\/\/diabahia.com.br\/index.php\/2023\/09\/14\/ivete-sangalo-sobe-no-trio-com-samuel-rosa-em-gravacao-do-pipoca-da-ivete-em-salvador-nesta-quinta\/","title":{"rendered":"Ivete Sangalo sobe no trio com Samuel Rosa em grava\u00e7\u00e3o do \u201cPipoca da Ivete\u201d em Salvador nesta quinta"},"content":{"rendered":"\n<p>A cantora Ivete Sangalo vai realizar mais uma grava\u00e7\u00e3o do quadro \u201cSobe no Trio\u201d&#8217;, do seu programa \u201cPipoca da Ivete\u201d, em Salvador. Desta vez, a artista estar\u00e1 acompanhada do seu segundo convidado, o cantor Samuel Rosa. O trio passar\u00e1 pela capital baiana nesta quinta-feira (14), a partir das 13h30. O programa estrear\u00e1 na Rede Globo no pr\u00f3ximo domingo (17), na TV Globo.\u00a0<\/p>\n\n\n\n<p>O diretor da Rede Globo, Boninho, deu algumas pistas sobre a nova atra\u00e7\u00e3o em um v\u00eddeo publicado no Instagram. \u201cAlgu\u00e9m conhece um cara, de uma banda que parou de tocar recentemente, que tem o sobrenome Rosa. Ent\u00e3o, esse cara genial vai estar no \u2018Sobe no Trio\u2019, nesta quinta, l\u00e1 em Salvador com Ivete, pro \u2018Pipoca\u2019\u201d, brincou.\u201d Rosa+Modelo+Cardeais+Salvador sacaram a dica???\u201d, completou na legenda.<\/p>\n\n\n\n<p>Fonte: Bahia Not\u00edcias <\/p>\n","protected":false},"excerpt":{"rendered":"<p>A cantora Ivete Sangalo vai realizar mais uma grava\u00e7\u00e3o do quadro \u201cSobe no Trio\u201d&#8217;, do seu programa \u201cPipoca da Ivete\u201d, em Salvador. Desta vez, a artista estar\u00e1 acompanhada do seu segundo convidado, o cantor Samuel Rosa. O trio passar\u00e1 pela capital baiana nesta quinta-feira (14), a partir das 13h30. O programa estrear\u00e1 na Rede Globo [&hellip;]<\/p>\n","protected":false},"author":2,"featured_media":3761,"comment_status":"open","ping_status":"open","sticky":false,"template":"","format":"standard","meta":{"footnotes":""},"categories":[93],"tags":[],"class_list":["post-3760","post","type-post","status-publish","format-standard","has-post-thumbnail","hentry","category-entretenimento"],"_links":{"self":[{"href":"https:\/\/diabahia.com.br\/index.php\/wp-json\/wp\/v2\/posts\/3760","targetHints":{"allow":["GET"]}}],"collection":[{"href":"https:\/\/diabahia.com.br\/index.php\/wp-json\/wp\/v2\/posts"}],"about":[{"href":"https:\/\/diabahia.com.br\/index.php\/wp-json\/wp\/v2\/types\/post"}],"author":[{"embeddable":true,"href":"https:\/\/diabahia.com.br\/index.php\/wp-json\/wp\/v2\/users\/2"}],"replies":[{"embeddable":true,"href":"https:\/\/diabahia.com.br\/index.php\/wp-json\/wp\/v2\/comments?post=3760"}],"version-history":[{"count":0,"href":"https:\/\/diabahia.com.br\/index.php\/wp-json\/wp\/v2\/posts\/3760\/revisions"}],"wp:featuredmedia":[{"embeddable":true,"href":"https:\/\/diabahia.com.br\/index.php\/wp-json\/wp\/v2\/media\/3761"}],"wp:attachment":[{"href":"https:\/\/diabahia.com.br\/index.php\/wp-json\/wp\/v2\/media?parent=3760"}],"wp:term":[{"taxonomy":"category","embeddable":true,"href":"https:\/\/diabahia.com.br\/index.php\/wp-json\/wp\/v2\/categories?post=3760"},{"taxonomy":"post_tag","embeddable":true,"href":"https:\/\/diabahia.com.br\/index.php\/wp-json\/wp\/v2\/tags?post=3760"}],"curies":[{"name":"wp","href":"https:\/\/api.w.org\/{rel}","templated":true}]}}