{"id":3659,"date":"2023-09-12T16:24:59","date_gmt":"2023-09-12T19:24:59","guid":{"rendered":"https:\/\/diabahia.com.br\/?p=3659"},"modified":"2023-09-12T16:25:01","modified_gmt":"2023-09-12T19:25:01","slug":"apos-saida-de-rui-tavares-eduardo-varjao-comanda-treino-de-goleiros-do-bahia","status":"publish","type":"post","link":"https:\/\/diabahia.com.br\/index.php\/2023\/09\/12\/apos-saida-de-rui-tavares-eduardo-varjao-comanda-treino-de-goleiros-do-bahia\/","title":{"rendered":"Ap\u00f3s sa\u00edda de Rui Tavares, Eduardo Varj\u00e3o comanda treino de goleiros do Bahia"},"content":{"rendered":"\n<p>Com o pedido de demiss\u00e3o de Renato Paiva, quase toda a comiss\u00e3o t\u00e9cnica do portugu\u00eas deixou o clube, entre eles Rui Tavares, preparador de goleiros que tinha o trabalho elogiado pela torcida. Ap\u00f3s a sua sa\u00edda, Duda Varj\u00e3o, do time sub-20, vem comandando os trabalhos com Marcos Felipe, Mateus Claus, Adriel e Danilo Fernandes.<\/p>\n\n\n\n<p>Durante entrevista coletiva na \u00faltima segunda-feira (11), o t\u00e9cnico Rog\u00e9rio Ceni falou sobre ainda n\u00e3o ter uma defini\u00e7\u00e3o sobre o cargo.<\/p>\n\n\n\n<p>&#8220;\u00c9 uma decis\u00e3o que ainda iremos conversar. Ainda n\u00e3o conversamos sobre o treinador de goleiros, mas vamos dar continuidade no trabalho&#8221;, disse.<\/p>\n\n\n\n<p>Multicampe\u00e3o na posi\u00e7\u00e3o, Ceni tamb\u00e9m comentou sobre a condi\u00e7\u00e3o dos goleiros da equipe.<\/p>\n\n\n\n<p>&#8220;O Marcos Felipe eu vinha acompanhando mais os jogos e j\u00e1 joguei contra quando ele era do Fluminense. O Danilo j\u00e1 enfrentei como goleiro, ele j\u00e1 t\u00e1 no ter\u00e7o final da sua carreira, um menino nota dez. O Adriel n\u00e3o conhecia e o Claus&#8230;&#8221;, relatou.<\/p>\n\n\n\n<p>Duda Varj\u00e3o \u00e9 natural de Salvador. Ele \u00e9 formado em Educa\u00e7\u00e3o F\u00edsica pela FTC e j\u00e1 passou pela base do Vit\u00f3ria.<\/p>\n\n\n\n<p>Fonte: Bahia Not\u00edcias <\/p>\n","protected":false},"excerpt":{"rendered":"<p>Com o pedido de demiss\u00e3o de Renato Paiva, quase toda a comiss\u00e3o t\u00e9cnica do portugu\u00eas deixou o clube, entre eles Rui Tavares, preparador de goleiros que tinha o trabalho elogiado pela torcida. Ap\u00f3s a sua sa\u00edda, Duda Varj\u00e3o, do time sub-20, vem comandando os trabalhos com Marcos Felipe, Mateus Claus, Adriel e Danilo Fernandes. Durante [&hellip;]<\/p>\n","protected":false},"author":2,"featured_media":3660,"comment_status":"open","ping_status":"open","sticky":false,"template":"","format":"standard","meta":{"footnotes":""},"categories":[89],"tags":[],"class_list":["post-3659","post","type-post","status-publish","format-standard","has-post-thumbnail","hentry","category-esportes"],"_links":{"self":[{"href":"https:\/\/diabahia.com.br\/index.php\/wp-json\/wp\/v2\/posts\/3659","targetHints":{"allow":["GET"]}}],"collection":[{"href":"https:\/\/diabahia.com.br\/index.php\/wp-json\/wp\/v2\/posts"}],"about":[{"href":"https:\/\/diabahia.com.br\/index.php\/wp-json\/wp\/v2\/types\/post"}],"author":[{"embeddable":true,"href":"https:\/\/diabahia.com.br\/index.php\/wp-json\/wp\/v2\/users\/2"}],"replies":[{"embeddable":true,"href":"https:\/\/diabahia.com.br\/index.php\/wp-json\/wp\/v2\/comments?post=3659"}],"version-history":[{"count":0,"href":"https:\/\/diabahia.com.br\/index.php\/wp-json\/wp\/v2\/posts\/3659\/revisions"}],"wp:featuredmedia":[{"embeddable":true,"href":"https:\/\/diabahia.com.br\/index.php\/wp-json\/wp\/v2\/media\/3660"}],"wp:attachment":[{"href":"https:\/\/diabahia.com.br\/index.php\/wp-json\/wp\/v2\/media?parent=3659"}],"wp:term":[{"taxonomy":"category","embeddable":true,"href":"https:\/\/diabahia.com.br\/index.php\/wp-json\/wp\/v2\/categories?post=3659"},{"taxonomy":"post_tag","embeddable":true,"href":"https:\/\/diabahia.com.br\/index.php\/wp-json\/wp\/v2\/tags?post=3659"}],"curies":[{"name":"wp","href":"https:\/\/api.w.org\/{rel}","templated":true}]}}