{"id":3640,"date":"2023-09-12T15:30:31","date_gmt":"2023-09-12T18:30:31","guid":{"rendered":"https:\/\/diabahia.com.br\/?p=3640"},"modified":"2023-09-12T15:30:34","modified_gmt":"2023-09-12T18:30:34","slug":"cirurgias-de-bolsonaro-transcorreram-dentro-da-maior-tranquilidade-diz-wajngarten","status":"publish","type":"post","link":"https:\/\/diabahia.com.br\/index.php\/2023\/09\/12\/cirurgias-de-bolsonaro-transcorreram-dentro-da-maior-tranquilidade-diz-wajngarten\/","title":{"rendered":"Cirurgias de Bolsonaro &#8220;transcorreram dentro da maior tranquilidade&#8221;, diz Wajngarten"},"content":{"rendered":"\n<p>O ex-presidente Jair Bolsonaro (PL) foi submetido a\u00a0duas cirurgias\u00a0na manh\u00e3 desta ter\u00e7a-feira (12) em um hospital privado na Zona Sul de S\u00e3o Paulo. Segundo o advogado de Bolsonaro e ex-secret\u00e1rio-executivo do Minist\u00e9rio das Comunica\u00e7\u00f5es, F\u00e1bio Wajngarten, os procedimentos ocorreram com tranquilidade.<\/p>\n\n\n\n<p>Uma das cirurgias foi realizada para corrigir uma h\u00e9rnia de hiato, cirurgia na por\u00e7\u00e3o superior do est\u00f4mago, para enfrentar um quadro de refluxo, e a outra, de desvio de septo, para melhorar a condi\u00e7\u00e3o respirat\u00f3ria.<\/p>\n\n\n\n<p>Bolsonaro entrou na sala de cirurgias pouco antes das 5h e, \u00e0s 8h, j\u00e1 estava no centro de recupera\u00e7\u00e3o. Segundo a publica\u00e7\u00e3o de Wajngarten nas redes sociais, um boletim m\u00e9dico ser\u00e1 divulgado pelo advogado ainda nesta ter\u00e7a.<\/p>\n\n\n\n<figure class=\"wp-block-embed is-type-rich is-provider-twitter wp-block-embed-twitter\"><div class=\"wp-block-embed__wrapper\">\n<blockquote class=\"twitter-tweet\" data-width=\"500\" data-dnt=\"true\"><p lang=\"pt\" dir=\"ltr\">Agradecemos as preces, as cirurgias do Pr <a href=\"https:\/\/twitter.com\/jairbolsonaro?ref_src=twsrc%5Etfw\">@jairbolsonaro<\/a> j\u00e1 terminaram e transcorreram dentro da maior tranquilidade.<br>O paciente est\u00e1 nesse momento na sala de recupera\u00e7\u00e3o e em breve emitiremos um boletim m\u00e9dico com mais informa\u00e7\u00f5es do quadro evolutivo.<\/p>&mdash; Fabio Wajngarten (@fabiowoficial) <a href=\"https:\/\/twitter.com\/fabiowoficial\/status\/1701554302110556576?ref_src=twsrc%5Etfw\">September 12, 2023<\/a><\/blockquote><script async src=\"https:\/\/platform.twitter.com\/widgets.js\" charset=\"utf-8\"><\/script>\n<\/div><\/figure>\n\n\n\n<p>Fonte: Metro1 <\/p>\n","protected":false},"excerpt":{"rendered":"<p>O ex-presidente Jair Bolsonaro (PL) foi submetido a\u00a0duas cirurgias\u00a0na manh\u00e3 desta ter\u00e7a-feira (12) em um hospital privado na Zona Sul de S\u00e3o Paulo. Segundo o advogado de Bolsonaro e ex-secret\u00e1rio-executivo do Minist\u00e9rio das Comunica\u00e7\u00f5es, F\u00e1bio Wajngarten, os procedimentos ocorreram com tranquilidade. Uma das cirurgias foi realizada para corrigir uma h\u00e9rnia de hiato, cirurgia na por\u00e7\u00e3o [&hellip;]<\/p>\n","protected":false},"author":2,"featured_media":3641,"comment_status":"open","ping_status":"open","sticky":false,"template":"","format":"standard","meta":{"footnotes":""},"categories":[91],"tags":[],"class_list":["post-3640","post","type-post","status-publish","format-standard","has-post-thumbnail","hentry","category-politica"],"_links":{"self":[{"href":"https:\/\/diabahia.com.br\/index.php\/wp-json\/wp\/v2\/posts\/3640","targetHints":{"allow":["GET"]}}],"collection":[{"href":"https:\/\/diabahia.com.br\/index.php\/wp-json\/wp\/v2\/posts"}],"about":[{"href":"https:\/\/diabahia.com.br\/index.php\/wp-json\/wp\/v2\/types\/post"}],"author":[{"embeddable":true,"href":"https:\/\/diabahia.com.br\/index.php\/wp-json\/wp\/v2\/users\/2"}],"replies":[{"embeddable":true,"href":"https:\/\/diabahia.com.br\/index.php\/wp-json\/wp\/v2\/comments?post=3640"}],"version-history":[{"count":0,"href":"https:\/\/diabahia.com.br\/index.php\/wp-json\/wp\/v2\/posts\/3640\/revisions"}],"wp:featuredmedia":[{"embeddable":true,"href":"https:\/\/diabahia.com.br\/index.php\/wp-json\/wp\/v2\/media\/3641"}],"wp:attachment":[{"href":"https:\/\/diabahia.com.br\/index.php\/wp-json\/wp\/v2\/media?parent=3640"}],"wp:term":[{"taxonomy":"category","embeddable":true,"href":"https:\/\/diabahia.com.br\/index.php\/wp-json\/wp\/v2\/categories?post=3640"},{"taxonomy":"post_tag","embeddable":true,"href":"https:\/\/diabahia.com.br\/index.php\/wp-json\/wp\/v2\/tags?post=3640"}],"curies":[{"name":"wp","href":"https:\/\/api.w.org\/{rel}","templated":true}]}}