{"id":3637,"date":"2023-09-12T15:20:12","date_gmt":"2023-09-12T18:20:12","guid":{"rendered":"https:\/\/diabahia.com.br\/?p=3637"},"modified":"2023-09-12T15:20:15","modified_gmt":"2023-09-12T18:20:15","slug":"professor-responde-a-processo-interno-por-dar-aula-com-camisa-do-mst","status":"publish","type":"post","link":"https:\/\/diabahia.com.br\/index.php\/2023\/09\/12\/professor-responde-a-processo-interno-por-dar-aula-com-camisa-do-mst\/","title":{"rendered":"Professor responde a processo interno por dar aula com camisa do MST"},"content":{"rendered":"\n<p>Um professor do curso de medicina da Universidade Federal da Para\u00edba (UFPB) responde processo interno por dar aula com camisa do Movimento dos Trabalhadores Rurais Sem Terra (MST).<\/p>\n\n\n\n<p>N\u00e3o se sabe se o reclamante \u00e9 ou n\u00e3o aluno, mas a queixa chegou \u00e0 ouvidoria. O \u00f3rg\u00e3o, por sua vez, alegou que &#8220;n\u00e3o foram encaminhados elementos de materialidade sobre as supostas irregularidades&#8221;. No entanto, existiria no relato &#8220;elementos m\u00ednimos descritivos para apura\u00e7\u00e3o, an\u00e1lise e provid\u00eancias cab\u00edveis.&#8221;<\/p>\n\n\n\n<p>O professor afirmou que sempre usou a camisa do MST e nunca teve problema. &#8220;o MST \u00e9 um movimento legal que existe no nosso pa\u00eds e que tem uma pauta, para mim, leg\u00edtima e que deve ser defendida&#8221;, afirmou o professor ao Portal Uol.<\/p>\n\n\n\n<p>Em 2020, no in\u00edcio da pandemia, o docente desenvolveu a\u00e7\u00f5es em acampamentos e assentamentos do MST para ajudar trabalhadores rurais a se prevenirem contra a covid-19. Com informa\u00e7\u00f5es do colunista Carlos Madeiro, do Portal Uol. <\/p>\n\n\n\n<p>Fonte: ATarde <\/p>\n","protected":false},"excerpt":{"rendered":"<p>Um professor do curso de medicina da Universidade Federal da Para\u00edba (UFPB) responde processo interno por dar aula com camisa do Movimento dos Trabalhadores Rurais Sem Terra (MST). N\u00e3o se sabe se o reclamante \u00e9 ou n\u00e3o aluno, mas a queixa chegou \u00e0 ouvidoria. O \u00f3rg\u00e3o, por sua vez, alegou que &#8220;n\u00e3o foram encaminhados elementos [&hellip;]<\/p>\n","protected":false},"author":2,"featured_media":3638,"comment_status":"open","ping_status":"open","sticky":false,"template":"","format":"standard","meta":{"footnotes":""},"categories":[85],"tags":[],"class_list":["post-3637","post","type-post","status-publish","format-standard","has-post-thumbnail","hentry","category-noticias"],"_links":{"self":[{"href":"https:\/\/diabahia.com.br\/index.php\/wp-json\/wp\/v2\/posts\/3637","targetHints":{"allow":["GET"]}}],"collection":[{"href":"https:\/\/diabahia.com.br\/index.php\/wp-json\/wp\/v2\/posts"}],"about":[{"href":"https:\/\/diabahia.com.br\/index.php\/wp-json\/wp\/v2\/types\/post"}],"author":[{"embeddable":true,"href":"https:\/\/diabahia.com.br\/index.php\/wp-json\/wp\/v2\/users\/2"}],"replies":[{"embeddable":true,"href":"https:\/\/diabahia.com.br\/index.php\/wp-json\/wp\/v2\/comments?post=3637"}],"version-history":[{"count":0,"href":"https:\/\/diabahia.com.br\/index.php\/wp-json\/wp\/v2\/posts\/3637\/revisions"}],"wp:featuredmedia":[{"embeddable":true,"href":"https:\/\/diabahia.com.br\/index.php\/wp-json\/wp\/v2\/media\/3638"}],"wp:attachment":[{"href":"https:\/\/diabahia.com.br\/index.php\/wp-json\/wp\/v2\/media?parent=3637"}],"wp:term":[{"taxonomy":"category","embeddable":true,"href":"https:\/\/diabahia.com.br\/index.php\/wp-json\/wp\/v2\/categories?post=3637"},{"taxonomy":"post_tag","embeddable":true,"href":"https:\/\/diabahia.com.br\/index.php\/wp-json\/wp\/v2\/tags?post=3637"}],"curies":[{"name":"wp","href":"https:\/\/api.w.org\/{rel}","templated":true}]}}