{"id":3633,"date":"2023-09-12T14:47:49","date_gmt":"2023-09-12T17:47:49","guid":{"rendered":"https:\/\/diabahia.com.br\/?p=3633"},"modified":"2023-09-12T14:47:52","modified_gmt":"2023-09-12T17:47:52","slug":"cabo-da-pmdf-disse-na-cpmi-jamais-ter-visto-tamanha-agressividade-de-manifestantes-como-no-8-de-janeiro","status":"publish","type":"post","link":"https:\/\/diabahia.com.br\/index.php\/2023\/09\/12\/cabo-da-pmdf-disse-na-cpmi-jamais-ter-visto-tamanha-agressividade-de-manifestantes-como-no-8-de-janeiro\/","title":{"rendered":"Cabo da PMDF disse na CPMI jamais ter visto tamanha agressividade de manifestantes como no 8 de janeiro"},"content":{"rendered":"\n<p>Em depoimento \u00e0 Comiss\u00e3o Parlamentar Mista de Inqu\u00e9rito do 8 de janeiro, nesta ter\u00e7a-feira (12), a cabo da Pol\u00edcia Militar do Distrito Federal, Marcela da Silva Morais Pinno, disse que temeu por sua vida no confronto com manifestantes, e que esta foi o ato p\u00fablico mais agressivo que j\u00e1 atuou para conter. A cabo Marcela atuou no Batalh\u00e3o de Choque para conter os invasores e chegou a ser jogada da c\u00fapula do Congresso Nacional, de uma altura de tr\u00eas metros.\u00a0<\/p>\n\n\n\n<p>\u201cTenho experi\u00eancias em outras atua\u00e7\u00f5es desde que ingressei na Pol\u00edcia Militar, em casos de reintegra\u00e7\u00e3o de posse que costumam ser violenta, estive no 7 de Setembro, mas jamais naquela propor\u00e7\u00e3o\u201d, disse a cabo Marcela, detalhando o n\u00edvel de agressividade dos manifestantes do 8 de janeiro em Bras\u00edlia.\u00a0<\/p>\n\n\n\n<p>A cabo da PMDF explicou que ap\u00f3s ter sido atirada da c\u00fapula do Congresso, foi cercada por alguns manifestantes, e foi agredida com uma barra de ferro na cabe\u00e7a, al\u00e9m de socos e chutes. Marcela disse que s\u00f3 saiu viva das agress\u00f5es pela ajuda que recebeu de seus colegas de tropa.\u00a0<\/p>\n\n\n\n<p>\u201cNo momento que ca\u00ed no ch\u00e3o, percebi o golpe com barra de ferro na cabe\u00e7a. O capacete \u00e9 blindado, defende de disparos. Inclusive, quando eu estava no ch\u00e3o, sendo agredida com barra de ferro, socos e chutes. Ent\u00e3o, com um bra\u00e7o eu fazia a defesa do meu rosto, e com o outro eu fazia a conten\u00e7\u00e3o do meu armamento\u201d, descreveu.\u00a0<\/p>\n\n\n\n<p>Junto com colega que tamb\u00e9m foi jogado da c\u00fapula do Congresso Nacional, a ent\u00e3o soldado Marcela Morais Pinno foi promovida a cabo pelo governo do Distrito Federal, no m\u00eas de maio. No seu depoimento, a cabo Marcela disse que os v\u00e2ndalos ainda tentaram confiscar sua arma de fogo, enquanto a agrediam com barras de ferro.<\/p>\n\n\n\n<p>\u201cUm coquetel molotov chegou a bater no meu escudo, mas ele falhou. Depois que eu fui atirada de tr\u00eas metros de altura,\u00a0consegui retornar pela lateral do Congresso\u201d, contou.<\/p>\n\n\n\n<p>Em reposta a questionamentos da relatora, senadora Eliziane Gama (PSD-MA), e de membros da CPMI, a policial militar do DF disse n\u00e3o ter visto crian\u00e7as ou idosas na linha de frente dos invasores dos pr\u00e9dios p\u00fablicos em Bras\u00edlia.\u00a0<\/p>\n\n\n\n<p>\u201cNa linha de frente dos manifestantes n\u00e3o havia crian\u00e7as. Havia idosos e crian\u00e7as mais atr\u00e1s. Mas n\u00e3o na linha de frente. Era n\u00edtida a inten\u00e7\u00e3o de que eles estavam dispostos a tudo, inclusive, de atentar contra a nossa vida, como foi feito\u201d, afirmou a cabo Marcela Morais Pinno.<\/p>\n\n\n\n<p>Fonte: Bahia Not\u00edcias <\/p>\n","protected":false},"excerpt":{"rendered":"<p>Em depoimento \u00e0 Comiss\u00e3o Parlamentar Mista de Inqu\u00e9rito do 8 de janeiro, nesta ter\u00e7a-feira (12), a cabo da Pol\u00edcia Militar do Distrito Federal, Marcela da Silva Morais Pinno, disse que temeu por sua vida no confronto com manifestantes, e que esta foi o ato p\u00fablico mais agressivo que j\u00e1 atuou para conter. A cabo Marcela [&hellip;]<\/p>\n","protected":false},"author":2,"featured_media":3634,"comment_status":"open","ping_status":"open","sticky":false,"template":"","format":"standard","meta":{"footnotes":""},"categories":[91],"tags":[],"class_list":["post-3633","post","type-post","status-publish","format-standard","has-post-thumbnail","hentry","category-politica"],"_links":{"self":[{"href":"https:\/\/diabahia.com.br\/index.php\/wp-json\/wp\/v2\/posts\/3633","targetHints":{"allow":["GET"]}}],"collection":[{"href":"https:\/\/diabahia.com.br\/index.php\/wp-json\/wp\/v2\/posts"}],"about":[{"href":"https:\/\/diabahia.com.br\/index.php\/wp-json\/wp\/v2\/types\/post"}],"author":[{"embeddable":true,"href":"https:\/\/diabahia.com.br\/index.php\/wp-json\/wp\/v2\/users\/2"}],"replies":[{"embeddable":true,"href":"https:\/\/diabahia.com.br\/index.php\/wp-json\/wp\/v2\/comments?post=3633"}],"version-history":[{"count":0,"href":"https:\/\/diabahia.com.br\/index.php\/wp-json\/wp\/v2\/posts\/3633\/revisions"}],"wp:featuredmedia":[{"embeddable":true,"href":"https:\/\/diabahia.com.br\/index.php\/wp-json\/wp\/v2\/media\/3634"}],"wp:attachment":[{"href":"https:\/\/diabahia.com.br\/index.php\/wp-json\/wp\/v2\/media?parent=3633"}],"wp:term":[{"taxonomy":"category","embeddable":true,"href":"https:\/\/diabahia.com.br\/index.php\/wp-json\/wp\/v2\/categories?post=3633"},{"taxonomy":"post_tag","embeddable":true,"href":"https:\/\/diabahia.com.br\/index.php\/wp-json\/wp\/v2\/tags?post=3633"}],"curies":[{"name":"wp","href":"https:\/\/api.w.org\/{rel}","templated":true}]}}