{"id":3630,"date":"2023-09-12T11:47:04","date_gmt":"2023-09-12T14:47:04","guid":{"rendered":"https:\/\/diabahia.com.br\/?p=3630"},"modified":"2023-09-12T11:47:08","modified_gmt":"2023-09-12T14:47:08","slug":"homem-e-preso-acusado-de-matar-morador-apos-briga-em-bar-na-bahia-corpo-foi-achado-em-corrego","status":"publish","type":"post","link":"https:\/\/diabahia.com.br\/index.php\/2023\/09\/12\/homem-e-preso-acusado-de-matar-morador-apos-briga-em-bar-na-bahia-corpo-foi-achado-em-corrego\/","title":{"rendered":"Homem \u00e9 preso acusado de matar morador ap\u00f3s briga em bar na Bahia; corpo foi achado em c\u00f3rrego"},"content":{"rendered":"\n<p>Um homem foi preso nesta segunda-feira (11) em\u00a0Po\u00e7\u00f5es, no Sudoeste baiano, acusado de matar um morador ap\u00f3s uma briga em um bar da cidade. Segundo a Pol\u00edcia Civil, a v\u00edtima, identificada como Aldeci Neri de Santana, foi encontrada morta em um c\u00f3rrego, perto do estabelecimento onde houve a confus\u00e3o. Outros envolvidos no caso seguem procurados nesta ter\u00e7a-feira (12).<\/p>\n\n\n\n<p>A suspeita \u00e9 que o acusado golpeou a v\u00edtima a pauladas. A Pol\u00edcia Militar (PM) foi ao local, mas j\u00e1 encontrou a v\u00edtima sem vida. Ap\u00f3s buscas, os policiais encontraram o acusado. O caso segue em apura\u00e7\u00e3o pela delegacia de Po\u00e7\u00f5es. <\/p>\n\n\n\n<p>Fonte: Bahia Not\u00edcias <\/p>\n","protected":false},"excerpt":{"rendered":"<p>Um homem foi preso nesta segunda-feira (11) em\u00a0Po\u00e7\u00f5es, no Sudoeste baiano, acusado de matar um morador ap\u00f3s uma briga em um bar da cidade. Segundo a Pol\u00edcia Civil, a v\u00edtima, identificada como Aldeci Neri de Santana, foi encontrada morta em um c\u00f3rrego, perto do estabelecimento onde houve a confus\u00e3o. Outros envolvidos no caso seguem procurados [&hellip;]<\/p>\n","protected":false},"author":2,"featured_media":3631,"comment_status":"open","ping_status":"open","sticky":false,"template":"","format":"standard","meta":{"footnotes":""},"categories":[105],"tags":[],"class_list":["post-3630","post","type-post","status-publish","format-standard","has-post-thumbnail","hentry","category-policia"],"_links":{"self":[{"href":"https:\/\/diabahia.com.br\/index.php\/wp-json\/wp\/v2\/posts\/3630","targetHints":{"allow":["GET"]}}],"collection":[{"href":"https:\/\/diabahia.com.br\/index.php\/wp-json\/wp\/v2\/posts"}],"about":[{"href":"https:\/\/diabahia.com.br\/index.php\/wp-json\/wp\/v2\/types\/post"}],"author":[{"embeddable":true,"href":"https:\/\/diabahia.com.br\/index.php\/wp-json\/wp\/v2\/users\/2"}],"replies":[{"embeddable":true,"href":"https:\/\/diabahia.com.br\/index.php\/wp-json\/wp\/v2\/comments?post=3630"}],"version-history":[{"count":0,"href":"https:\/\/diabahia.com.br\/index.php\/wp-json\/wp\/v2\/posts\/3630\/revisions"}],"wp:featuredmedia":[{"embeddable":true,"href":"https:\/\/diabahia.com.br\/index.php\/wp-json\/wp\/v2\/media\/3631"}],"wp:attachment":[{"href":"https:\/\/diabahia.com.br\/index.php\/wp-json\/wp\/v2\/media?parent=3630"}],"wp:term":[{"taxonomy":"category","embeddable":true,"href":"https:\/\/diabahia.com.br\/index.php\/wp-json\/wp\/v2\/categories?post=3630"},{"taxonomy":"post_tag","embeddable":true,"href":"https:\/\/diabahia.com.br\/index.php\/wp-json\/wp\/v2\/tags?post=3630"}],"curies":[{"name":"wp","href":"https:\/\/api.w.org\/{rel}","templated":true}]}}