{"id":3624,"date":"2023-09-12T11:02:07","date_gmt":"2023-09-12T14:02:07","guid":{"rendered":"https:\/\/diabahia.com.br\/?p=3624"},"modified":"2023-09-12T11:02:09","modified_gmt":"2023-09-12T14:02:09","slug":"rogerio-ceni-e-sincero-ao-falar-sobre-futuro-de-everaldo-no-bahia-confira","status":"publish","type":"post","link":"https:\/\/diabahia.com.br\/index.php\/2023\/09\/12\/rogerio-ceni-e-sincero-ao-falar-sobre-futuro-de-everaldo-no-bahia-confira\/","title":{"rendered":"Rog\u00e9rio Ceni \u00e9 sincero ao falar sobre futuro de Everaldo no Bahia; confira"},"content":{"rendered":"\n<p>O t\u00e9cnico\u00a0Rog\u00e9rio Ceni\u00a0foi oficialmente apresentado \u00e0 imprensa na segunda-feira (11) e concedeu sua primeira entrevista coletiva no comando do\u00a0Bahia. Questionado sobre\u00a0Everaldo, o novo comandante fez elogios ao atleta e projetou uma melhora do camisa 9 tricolor.<\/p>\n\n\n\n<p>&#8220;O Everaldo jogou na Chapecoense em 2018, se eu n\u00e3o me engano. Eu joguei com o Fortaleza a S\u00e9rie B e ele foi muito bem no jogo contra a gente. \u00c9 um jogador que tem potencial, se n\u00e3o vem fazendo os gols, quem sabe agora ele vai conseguir produzir. \u00c9 um menino s\u00e9rio, correto, focado. N\u00f3s vamos tentar ajudar, como todos dentro do elenco. E a disputa de posi\u00e7\u00e3o tem ele, o Rat\u00e3o, que pode jogar mais por dentro, o Mingotti\u2026 Op\u00e7\u00f5es tem e h\u00e1 uma concorr\u00eancia direta. Existe sempre uma luta por posi\u00e7\u00e3o. Tem muita gente boa, com capacidade para jogar. \u00c9 um elenco feito, principalmente do meio pra frente, onde tem o maior n\u00famero de jogadores,para jogar no m\u00ednimo duas competi\u00e7\u00f5es. Corta o cora\u00e7\u00e3o voc\u00ea deixar o jogador fora, porque deveria ter jogo quarta e domingo, porque tem pe\u00e7as para se jogar mais vezes que essas 16 partidas em 3 meses que restam do Campeonato Brasileiro&#8221;, afirmou. <\/p>\n\n\n\n<p>No Programa Bola da Vez, em janeiro deste ano,\u00a0Rog\u00e9rio Ceni j\u00e1 havia comentado sobre Everaldo. Na oportunidade, o ex-goleiro rasgou elogios ao atacante e revelou que tentou contratar o jogador. <\/p>\n\n\n\n<p>\u201cO City n\u00e3o entrou agora? \u00c9 3 milh\u00f5es de euros, \u00e9 4 milh\u00f5es de euros&#8230; O Everaldo, que \u00e9 um jogador que eu gosto muito, que era da Chapecoense, tentei trazer j\u00e1\u201d, disse Ceni \u00e0 \u00e9poca.<\/p>\n\n\n\n<p><strong>ESTREIA NO COMANDO<\/strong><\/p>\n\n\n\n<p>A estreia de Ceni no comando do Esquadr\u00e3o de A\u00e7o est\u00e1 marcada para a pr\u00f3xima quinta-feira (14), \u00e0s 20h, no Couto Pereira, contra o Coritiba. O Bahia ocupa a 16\u00aa coloca\u00e7\u00e3o da S\u00e9rie A do Brasileiro, com 22 pontos.<\/p>\n\n\n\n<p>Fonte: Bnews <\/p>\n","protected":false},"excerpt":{"rendered":"<p>O t\u00e9cnico\u00a0Rog\u00e9rio Ceni\u00a0foi oficialmente apresentado \u00e0 imprensa na segunda-feira (11) e concedeu sua primeira entrevista coletiva no comando do\u00a0Bahia. Questionado sobre\u00a0Everaldo, o novo comandante fez elogios ao atleta e projetou uma melhora do camisa 9 tricolor. &#8220;O Everaldo jogou na Chapecoense em 2018, se eu n\u00e3o me engano. Eu joguei com o Fortaleza a S\u00e9rie [&hellip;]<\/p>\n","protected":false},"author":2,"featured_media":3625,"comment_status":"open","ping_status":"open","sticky":false,"template":"","format":"standard","meta":{"footnotes":""},"categories":[89],"tags":[],"class_list":["post-3624","post","type-post","status-publish","format-standard","has-post-thumbnail","hentry","category-esportes"],"_links":{"self":[{"href":"https:\/\/diabahia.com.br\/index.php\/wp-json\/wp\/v2\/posts\/3624","targetHints":{"allow":["GET"]}}],"collection":[{"href":"https:\/\/diabahia.com.br\/index.php\/wp-json\/wp\/v2\/posts"}],"about":[{"href":"https:\/\/diabahia.com.br\/index.php\/wp-json\/wp\/v2\/types\/post"}],"author":[{"embeddable":true,"href":"https:\/\/diabahia.com.br\/index.php\/wp-json\/wp\/v2\/users\/2"}],"replies":[{"embeddable":true,"href":"https:\/\/diabahia.com.br\/index.php\/wp-json\/wp\/v2\/comments?post=3624"}],"version-history":[{"count":0,"href":"https:\/\/diabahia.com.br\/index.php\/wp-json\/wp\/v2\/posts\/3624\/revisions"}],"wp:featuredmedia":[{"embeddable":true,"href":"https:\/\/diabahia.com.br\/index.php\/wp-json\/wp\/v2\/media\/3625"}],"wp:attachment":[{"href":"https:\/\/diabahia.com.br\/index.php\/wp-json\/wp\/v2\/media?parent=3624"}],"wp:term":[{"taxonomy":"category","embeddable":true,"href":"https:\/\/diabahia.com.br\/index.php\/wp-json\/wp\/v2\/categories?post=3624"},{"taxonomy":"post_tag","embeddable":true,"href":"https:\/\/diabahia.com.br\/index.php\/wp-json\/wp\/v2\/tags?post=3624"}],"curies":[{"name":"wp","href":"https:\/\/api.w.org\/{rel}","templated":true}]}}