{"id":3582,"date":"2023-09-11T14:41:10","date_gmt":"2023-09-11T17:41:10","guid":{"rendered":"https:\/\/diabahia.com.br\/?p=3582"},"modified":"2023-09-11T14:41:13","modified_gmt":"2023-09-11T17:41:13","slug":"davidson-se-vencermos-em-grandes-cidades-neto-nao-sera-candidato","status":"publish","type":"post","link":"https:\/\/diabahia.com.br\/index.php\/2023\/09\/11\/davidson-se-vencermos-em-grandes-cidades-neto-nao-sera-candidato\/","title":{"rendered":"Davidson: &#8220;se vencermos em grandes cidades, Neto n\u00e3o ser\u00e1 candidato&#8221;"},"content":{"rendered":"\n<p>Presidente do PCdoB na Bahia e atual titular da Secretaria de Trabalho, Renda e Lazer (Setre-BA), Davidson Magalh\u00e3es falou nesta segunda-feira, 11, durante o programa Isso \u00e9 Bahia, da A TARDE FM, sobre a busca por uma unidade pol\u00edtica dentro da base que comp\u00f5e o governo de Jer\u00f4nimo Rodrigues (PT).<\/p>\n\n\n\n<p>De acordo com Davidson, existe a necessidade de definir um nome para as elei\u00e7\u00f5es municipais do ano que vem. Em Salvador, o PCdoB definiu Ol\u00edvia Santana, mas outros partidos da base t\u00eam nomes para a disputa. A ideia, para o secretario, \u00e9 buscar o maior n\u00famero de munic\u00edpios grandes poss\u00edveis.&nbsp;<\/p>\n\n\n\n<p>&#8220;J\u00e1 lan\u00e7amos Ol\u00edvia Santana como nossa pr\u00e9-candidata (em Salvador). Mas o esfor\u00e7o que est\u00e1 sendo feito no debate \u00e9 conseguirmos, atrav\u00e9s do governador, definir candidaturas \u00fanicas da base nos 70 maiores munic\u00edpios, que \u00e9 onde concentra a maior parte do eleitorado. Para Salvador, ainda estamos em discuss\u00e3o do nome para essa unidade. Na \u00faltima elei\u00e7\u00e3o tivemos uma dispers\u00e3o. Voc\u00ea n\u00e3o cria uma coisa muito importante na pol\u00edtica, que \u00e9 a expectativa de poder&#8221;, afirmou.<\/p>\n\n\n\n<p>Em Salvador, al\u00e9m de Ol\u00edvia Santana, outros dois nomes aparecem como poss\u00edveis candidatos para as elei\u00e7\u00f5es. No PT, o nome de Robinson Almeida aparece com mais forma. Em contrapartida, o atual vice-governador Geraldo J\u00fanior (MDB) ainda pode aparecer e com o apoio de Jer\u00f4nimo (PT).<\/p>\n\n\n\n<p>Recentemente, chegou a haver a possibilidade, inclusive, de Geraldo e Ol\u00edvia se unirem em uma candidatura, mas, para Davidson Magalh\u00e3es, a conversa n\u00e3o passou de um ato de simpatia entre eles.&nbsp;<\/p>\n\n\n\n<p>&#8220;Isso \u00e9 da pol\u00edtica, foi uma atitude simp\u00e1tica de ambos. Existe um clima bom dentro da federa\u00e7\u00e3o, que est\u00e1 discutindo a participa\u00e7\u00e3o nos grandes centros. O que n\u00e3o acho coerente \u00e9 que nas elei\u00e7\u00f5es de Salvador n\u00e3o passemos a impress\u00e3o de disputa real. Precisamos ter a unidade em cima de um nome que tenha for\u00e7a eleitoral. O pessoal quer comparar com Jer\u00f4nimo, mas j\u00e1 \u00e9ramos hegem\u00f4nicos no estado da Bahia. Isso n\u00e3o acontece em Salvador&#8221;, completou.\u00a0<\/p>\n\n\n\n<p><strong>ACM Neto<\/strong><\/p>\n\n\n\n<p>Davidson ainda fez proje\u00e7\u00f5es sobre alguns cen\u00e1rios pol\u00edticos na Bahia. Segundo o secret\u00e1rio, caso a ideia de expandir a base da esquerda em grandes munic\u00edpios da Bahia se concretize, o ex-prefeito de Salvador, ACM Neto (Uni\u00e3o), poderia n\u00e3o concorrer ao pr\u00f3ximo pleito estadual, em 2026.&nbsp;&nbsp;<\/p>\n\n\n\n<p>&#8220;Precisamos definir essa unidade logo. O governador deu um prazo de um m\u00eas para resolvermos isso. Na \u00faltima elei\u00e7\u00e3o, a gente come\u00e7ou a se movimentar em julho e isso n\u00e3o d\u00e1. Temos que nos movimentar antes e o governo tem muita coisa para fazer em Salvador. Se ganharmos metade dos principais centros, acredito que ACM Neto nem ser\u00e1 candidato na pr\u00f3xima elei\u00e7\u00e3o, assim como n\u00e3o foi contra Rui&#8221;, afirmou Magalh\u00e3es.&nbsp;<\/p>\n\n\n\n<p>Questionado sobre quais seriam os rumos do maior candidato da oposi\u00e7\u00e3o estadual neste cen\u00e1rio, o titular da Setre disse que ele poderia recorrer a uma candidatura legislativa mas cravou: se a esquerda vencer em boa parte dos grandes munic\u00edpios baiano, ACM Neto n\u00e3o ser\u00e1 candidato ao governo nas pr\u00f3ximas elei\u00e7\u00f5es.&nbsp; &nbsp;<\/p>\n\n\n\n<p>&#8220;Ele pode n\u00e3o disputar a &#8216;partida principal&#8217;, concorrer a deputado federal, algo assim. Ele n\u00e3o vai vir para uma disputa com o nosso ritmo de governo. Jer\u00f4nimo vai chegar a 130 munic\u00edpios visitados em oito meses e com entregas. Com a for\u00e7a do Governo Lula e ganhando em importantes cidades da Bahia, pode escrever a\u00ed: ele n\u00e3o ser\u00e1 candidato em 2026&#8221;, completou.<\/p>\n\n\n\n<p>Fonte: ATarde <\/p>\n","protected":false},"excerpt":{"rendered":"<p>Presidente do PCdoB na Bahia e atual titular da Secretaria de Trabalho, Renda e Lazer (Setre-BA), Davidson Magalh\u00e3es falou nesta segunda-feira, 11, durante o programa Isso \u00e9 Bahia, da A TARDE FM, sobre a busca por uma unidade pol\u00edtica dentro da base que comp\u00f5e o governo de Jer\u00f4nimo Rodrigues (PT). De acordo com Davidson, existe [&hellip;]<\/p>\n","protected":false},"author":2,"featured_media":3583,"comment_status":"open","ping_status":"open","sticky":false,"template":"","format":"standard","meta":{"footnotes":""},"categories":[91],"tags":[],"class_list":["post-3582","post","type-post","status-publish","format-standard","has-post-thumbnail","hentry","category-politica"],"_links":{"self":[{"href":"https:\/\/diabahia.com.br\/index.php\/wp-json\/wp\/v2\/posts\/3582","targetHints":{"allow":["GET"]}}],"collection":[{"href":"https:\/\/diabahia.com.br\/index.php\/wp-json\/wp\/v2\/posts"}],"about":[{"href":"https:\/\/diabahia.com.br\/index.php\/wp-json\/wp\/v2\/types\/post"}],"author":[{"embeddable":true,"href":"https:\/\/diabahia.com.br\/index.php\/wp-json\/wp\/v2\/users\/2"}],"replies":[{"embeddable":true,"href":"https:\/\/diabahia.com.br\/index.php\/wp-json\/wp\/v2\/comments?post=3582"}],"version-history":[{"count":0,"href":"https:\/\/diabahia.com.br\/index.php\/wp-json\/wp\/v2\/posts\/3582\/revisions"}],"wp:featuredmedia":[{"embeddable":true,"href":"https:\/\/diabahia.com.br\/index.php\/wp-json\/wp\/v2\/media\/3583"}],"wp:attachment":[{"href":"https:\/\/diabahia.com.br\/index.php\/wp-json\/wp\/v2\/media?parent=3582"}],"wp:term":[{"taxonomy":"category","embeddable":true,"href":"https:\/\/diabahia.com.br\/index.php\/wp-json\/wp\/v2\/categories?post=3582"},{"taxonomy":"post_tag","embeddable":true,"href":"https:\/\/diabahia.com.br\/index.php\/wp-json\/wp\/v2\/tags?post=3582"}],"curies":[{"name":"wp","href":"https:\/\/api.w.org\/{rel}","templated":true}]}}