{"id":3531,"date":"2023-09-06T16:22:43","date_gmt":"2023-09-06T19:22:43","guid":{"rendered":"https:\/\/diabahia.com.br\/?p=3531"},"modified":"2023-09-06T16:22:45","modified_gmt":"2023-09-06T19:22:45","slug":"governo-vai-propor-projeto-de-lei-sobre-reajuste-da-seguranca","status":"publish","type":"post","link":"https:\/\/diabahia.com.br\/index.php\/2023\/09\/06\/governo-vai-propor-projeto-de-lei-sobre-reajuste-da-seguranca\/","title":{"rendered":"Governo vai propor projeto de lei sobre reajuste da Seguran\u00e7a"},"content":{"rendered":"\n<p>Um projeto de lei (PL), em car\u00e1ter de urg\u00eancia, dever\u00e1 ser enviado pelo governo federal ao Congresso Nacional para tornar permanente o reajuste salarial das for\u00e7as de seguran\u00e7a da capital do pa\u00eds. Atualmente, os profissionais recebem a recomposi\u00e7\u00e3o por meio de medida provis\u00f3ria (MP). Agora, a expectativa dos servidores \u00e9 de que a norma tenha legisla\u00e7\u00e3o definida.<\/p>\n\n\n\n<p>Todas as MPs, a exemplo da que concede o reajuste, precisam passar por aprecia\u00e7\u00e3o no Congresso Nacional em at\u00e9 60 dias, prorrog\u00e1veis por igual per\u00edodo. Se n\u00e3o forem votadas pelos parlamentares em at\u00e9 45 dias, contados da data de publica\u00e7\u00e3o do texto, as medidas provis\u00f3rias entram em regime de urg\u00eancia e bloqueiam todas as demais delibera\u00e7\u00f5es legislativas da Casa em que estiver at\u00e9 ser votada.<\/p>\n\n\n\n<p>Em julho \u00faltimo, o Congresso Nacional aprovou o PL que abria espa\u00e7o no or\u00e7amento para concess\u00e3o do reajuste salarial m\u00e9dio de 18%, em duas parcelas, para a Pol\u00edcia Militar do Distrito Federal (PMDF), a Pol\u00edcia Civil (PCDF) e o Corpo de Bombeiros Militar (CBMDF).<\/p>\n\n\n\n<p>O acordo fechado entre o governo federal, a bancada do Distrito Federal no Parlamento e representantes das categorias garantiu aumento salarial m\u00e9dio de 9% \u00e0s for\u00e7as de seguran\u00e7a, em julho de 2023, e de mais 9% a partir de janeiro de 2024. A incorpora\u00e7\u00e3o da primeira parcela se deu por meio da publica\u00e7\u00e3o da MP, em julho passado.<\/p>\n\n\n\n<p>Fonte: Bahia.Ba<\/p>\n","protected":false},"excerpt":{"rendered":"<p>Um projeto de lei (PL), em car\u00e1ter de urg\u00eancia, dever\u00e1 ser enviado pelo governo federal ao Congresso Nacional para tornar permanente o reajuste salarial das for\u00e7as de seguran\u00e7a da capital do pa\u00eds. Atualmente, os profissionais recebem a recomposi\u00e7\u00e3o por meio de medida provis\u00f3ria (MP). Agora, a expectativa dos servidores \u00e9 de que a norma tenha [&hellip;]<\/p>\n","protected":false},"author":2,"featured_media":3532,"comment_status":"open","ping_status":"open","sticky":false,"template":"","format":"standard","meta":{"footnotes":""},"categories":[91],"tags":[],"class_list":["post-3531","post","type-post","status-publish","format-standard","has-post-thumbnail","hentry","category-politica"],"_links":{"self":[{"href":"https:\/\/diabahia.com.br\/index.php\/wp-json\/wp\/v2\/posts\/3531","targetHints":{"allow":["GET"]}}],"collection":[{"href":"https:\/\/diabahia.com.br\/index.php\/wp-json\/wp\/v2\/posts"}],"about":[{"href":"https:\/\/diabahia.com.br\/index.php\/wp-json\/wp\/v2\/types\/post"}],"author":[{"embeddable":true,"href":"https:\/\/diabahia.com.br\/index.php\/wp-json\/wp\/v2\/users\/2"}],"replies":[{"embeddable":true,"href":"https:\/\/diabahia.com.br\/index.php\/wp-json\/wp\/v2\/comments?post=3531"}],"version-history":[{"count":0,"href":"https:\/\/diabahia.com.br\/index.php\/wp-json\/wp\/v2\/posts\/3531\/revisions"}],"wp:featuredmedia":[{"embeddable":true,"href":"https:\/\/diabahia.com.br\/index.php\/wp-json\/wp\/v2\/media\/3532"}],"wp:attachment":[{"href":"https:\/\/diabahia.com.br\/index.php\/wp-json\/wp\/v2\/media?parent=3531"}],"wp:term":[{"taxonomy":"category","embeddable":true,"href":"https:\/\/diabahia.com.br\/index.php\/wp-json\/wp\/v2\/categories?post=3531"},{"taxonomy":"post_tag","embeddable":true,"href":"https:\/\/diabahia.com.br\/index.php\/wp-json\/wp\/v2\/tags?post=3531"}],"curies":[{"name":"wp","href":"https:\/\/api.w.org\/{rel}","templated":true}]}}