{"id":3490,"date":"2023-09-06T10:43:43","date_gmt":"2023-09-06T13:43:43","guid":{"rendered":"https:\/\/diabahia.com.br\/?p=3490"},"modified":"2023-09-06T10:43:46","modified_gmt":"2023-09-06T13:43:46","slug":"ex-atletas-lamentam-saida-de-ana-moser-do-ministerio-do-esporte","status":"publish","type":"post","link":"https:\/\/diabahia.com.br\/index.php\/2023\/09\/06\/ex-atletas-lamentam-saida-de-ana-moser-do-ministerio-do-esporte\/","title":{"rendered":"Ex-atletas lamentam sa\u00edda de Ana Moser do Minist\u00e9rio do Esporte"},"content":{"rendered":"\n<p>A poss\u00edvel demiss\u00e3o de Ana Moser do Minist\u00e9rio do Esporte\u00a0gerou uma onda de protestos de ex-atletas brasileiros. Atrav\u00e9s de nota, a Comiss\u00e3o de Atletas do Comit\u00ea Ol\u00edmpico do Brasil (COB) protestou sobre a movimenta\u00e7\u00e3o feita pelo Presidente Luiz In\u00e1cio Lula da Silva, que busca substituir a ex-atleta pelo deputado Andr\u00e9 Fufuca (PP-MA), atual l\u00edder o PP, partido do presidente da C\u00e2mara dos Deputados, Arthur Lira.<\/p>\n\n\n\n<p>&#8220;Ainda durante a campanha presidencial em 2022, o presidente Luiz In\u00e1cio Lula da Silva, em encontro com representantes da \u00e1rea, disse que era necess\u00e1ria uma &#8216;revolu\u00e7\u00e3o&#8217; na pol\u00edtica p\u00fablica de esporte, uma que ajudasse a &#8216;construir uma boa pol\u00edtica de esporte para este pa\u00eds, da inf\u00e2ncia at\u00e9 a terceira idade&#8217;. \u00c9 justamente isso que a ministra Ana Moser tem se dedicado a fazer desde o in\u00edcio de sua gest\u00e3o, mesmo com uma equipe reduzida e recursos escassos. \u00c9 imperioso notar que, n\u00e3o fosse ela, n\u00e3o seria este o rumo da pol\u00edtica de esporte&#8221;, diz a nota.<\/p>\n\n\n\n<p>\u201cO esporte n\u00e3o \u00e9 moeda de troca. Nos sentimos envergonhados e desprestigiados, vendo que o esporte no Brasil continua sendo encarado como algo menor. A ministra Ana Moser tem o nosso apoio e o da comunidade esportiva para continuar avan\u00e7ando rumo \u00e0s mudan\u00e7as necess\u00e1rias na estrutura da pol\u00edtica p\u00fablica de esporte do pa\u00eds, visando a democratiza\u00e7\u00e3o de seu acesso a todas as brasileiras e brasileiros\u201d, completa.<\/p>\n\n\n\n<p><strong>Ex-atletas se manifestam nas redes sociais em sinal de protesto<\/strong><\/p>\n\n\n\n<p>&#8220;O esporte brasileiro perde com a decis\u00e3o equivocada de Lula. Manter Ana n\u00e3o significava negar pol\u00edtica e sim afirmar a de esporte como fundamental pro pa\u00eds&#8221;, publicou a ex-nadadora Joanna Maranh\u00e3o.<\/p>\n\n\n\n<p>\u201cEstamos com Ana Moser e apoiamos seu trabalho \u00e0 frente do Minist\u00e9rio do Esporte\u201d, comentou o ex-jogador Ra\u00ed, campe\u00e3o mundial com a Sele\u00e7\u00e3o Brasileira. Na postagem, ele marcou os perfis do presidente Lula, da primeira-dama Janja e do ministro Alexandre Padilha, da Secretaria de Rela\u00e7\u00f5es Institucionais.<\/p>\n\n\n\n<p>&#8220;Estamos com Ana Moser e apoiamos seu trabalho \u00e0 frente do Minist\u00e9rio do Esporte\u201c, disse a ex-jogadora Hort\u00eancia.<\/p>\n\n\n\n<p>Ana Moser acumulou t\u00edtulos e medalhas nas Olimp\u00edadas quando era jogadora de v\u00f4lei, no Campeonato Mundial, na Copa dos Campe\u00f5es e nos Jogos Pan Americanos. Ela era ministra dos Esportes desde o in\u00edcio de 2023.<\/p>\n\n\n\n<p>Fonte: ATarde <\/p>\n\n\n\n<p><\/p>\n","protected":false},"excerpt":{"rendered":"<p>A poss\u00edvel demiss\u00e3o de Ana Moser do Minist\u00e9rio do Esporte\u00a0gerou uma onda de protestos de ex-atletas brasileiros. Atrav\u00e9s de nota, a Comiss\u00e3o de Atletas do Comit\u00ea Ol\u00edmpico do Brasil (COB) protestou sobre a movimenta\u00e7\u00e3o feita pelo Presidente Luiz In\u00e1cio Lula da Silva, que busca substituir a ex-atleta pelo deputado Andr\u00e9 Fufuca (PP-MA), atual l\u00edder o [&hellip;]<\/p>\n","protected":false},"author":2,"featured_media":3491,"comment_status":"open","ping_status":"open","sticky":false,"template":"","format":"standard","meta":{"footnotes":""},"categories":[89],"tags":[],"class_list":["post-3490","post","type-post","status-publish","format-standard","has-post-thumbnail","hentry","category-esportes"],"_links":{"self":[{"href":"https:\/\/diabahia.com.br\/index.php\/wp-json\/wp\/v2\/posts\/3490","targetHints":{"allow":["GET"]}}],"collection":[{"href":"https:\/\/diabahia.com.br\/index.php\/wp-json\/wp\/v2\/posts"}],"about":[{"href":"https:\/\/diabahia.com.br\/index.php\/wp-json\/wp\/v2\/types\/post"}],"author":[{"embeddable":true,"href":"https:\/\/diabahia.com.br\/index.php\/wp-json\/wp\/v2\/users\/2"}],"replies":[{"embeddable":true,"href":"https:\/\/diabahia.com.br\/index.php\/wp-json\/wp\/v2\/comments?post=3490"}],"version-history":[{"count":0,"href":"https:\/\/diabahia.com.br\/index.php\/wp-json\/wp\/v2\/posts\/3490\/revisions"}],"wp:featuredmedia":[{"embeddable":true,"href":"https:\/\/diabahia.com.br\/index.php\/wp-json\/wp\/v2\/media\/3491"}],"wp:attachment":[{"href":"https:\/\/diabahia.com.br\/index.php\/wp-json\/wp\/v2\/media?parent=3490"}],"wp:term":[{"taxonomy":"category","embeddable":true,"href":"https:\/\/diabahia.com.br\/index.php\/wp-json\/wp\/v2\/categories?post=3490"},{"taxonomy":"post_tag","embeddable":true,"href":"https:\/\/diabahia.com.br\/index.php\/wp-json\/wp\/v2\/tags?post=3490"}],"curies":[{"name":"wp","href":"https:\/\/api.w.org\/{rel}","templated":true}]}}