{"id":3366,"date":"2023-09-01T10:49:35","date_gmt":"2023-09-01T13:49:35","guid":{"rendered":"https:\/\/diabahia.com.br\/?p=3366"},"modified":"2023-09-01T10:49:37","modified_gmt":"2023-09-01T13:49:37","slug":"ba-traficantes-espancam-adolescente-que-usou-cartao-do-avo-sem-autorizacao","status":"publish","type":"post","link":"https:\/\/diabahia.com.br\/index.php\/2023\/09\/01\/ba-traficantes-espancam-adolescente-que-usou-cartao-do-avo-sem-autorizacao\/","title":{"rendered":"BA: Traficantes espancam adolescente que usou cart\u00e3o do av\u00f4 sem autoriza\u00e7\u00e3o"},"content":{"rendered":"\n<p>Um adolescente de 14 anos sofreu agress\u00f5es de traficantes dos bairros 13 e Vila F\u00e1tima, em\u00a0Serrina\u00a0(BA), ap\u00f3s pegar o cart\u00e3o do av\u00f4 e fazer compras sem autoriza\u00e7\u00e3o. As informa\u00e7\u00f5es s\u00e3o do Cadeir\u00e3o do Paul\u00e3o.<\/p>\n\n\n\n<p>Segundo o servi\u00e7o de intelig\u00eancia da Pol\u00edcia Civil (PC), a den\u00fancia foi feita de forma an\u00f4nima. Ap\u00f3s descobrirem o ato do adolescente, &#8220;os traficantes resolveram fazer \u2018justi\u00e7a\u2019 com as pr\u00f3prias m\u00e3os e aumentaram a sensa\u00e7\u00e3o de terror e medo no local&#8221;, conforme cita a ocorr\u00eancia.<\/p>\n\n\n\n<p>Ainda de acordo com a PC, o menor esteve na delegacia na companhia de um tio e prestou declara\u00e7\u00f5es \u00e0s autoridades policiais, sendo expedida a guia de les\u00f5es corporais.<\/p>\n\n\n\n<p>Os agressores, no entanto, n\u00e3o foram reconhecidos pela v\u00edtima.<\/p>\n\n\n\n<p>Fonte: Bnews <\/p>\n","protected":false},"excerpt":{"rendered":"<p>Um adolescente de 14 anos sofreu agress\u00f5es de traficantes dos bairros 13 e Vila F\u00e1tima, em\u00a0Serrina\u00a0(BA), ap\u00f3s pegar o cart\u00e3o do av\u00f4 e fazer compras sem autoriza\u00e7\u00e3o. As informa\u00e7\u00f5es s\u00e3o do Cadeir\u00e3o do Paul\u00e3o. Segundo o servi\u00e7o de intelig\u00eancia da Pol\u00edcia Civil (PC), a den\u00fancia foi feita de forma an\u00f4nima. Ap\u00f3s descobrirem o ato do [&hellip;]<\/p>\n","protected":false},"author":2,"featured_media":3367,"comment_status":"open","ping_status":"open","sticky":false,"template":"","format":"standard","meta":{"footnotes":""},"categories":[105],"tags":[],"class_list":["post-3366","post","type-post","status-publish","format-standard","has-post-thumbnail","hentry","category-policia"],"_links":{"self":[{"href":"https:\/\/diabahia.com.br\/index.php\/wp-json\/wp\/v2\/posts\/3366","targetHints":{"allow":["GET"]}}],"collection":[{"href":"https:\/\/diabahia.com.br\/index.php\/wp-json\/wp\/v2\/posts"}],"about":[{"href":"https:\/\/diabahia.com.br\/index.php\/wp-json\/wp\/v2\/types\/post"}],"author":[{"embeddable":true,"href":"https:\/\/diabahia.com.br\/index.php\/wp-json\/wp\/v2\/users\/2"}],"replies":[{"embeddable":true,"href":"https:\/\/diabahia.com.br\/index.php\/wp-json\/wp\/v2\/comments?post=3366"}],"version-history":[{"count":0,"href":"https:\/\/diabahia.com.br\/index.php\/wp-json\/wp\/v2\/posts\/3366\/revisions"}],"wp:featuredmedia":[{"embeddable":true,"href":"https:\/\/diabahia.com.br\/index.php\/wp-json\/wp\/v2\/media\/3367"}],"wp:attachment":[{"href":"https:\/\/diabahia.com.br\/index.php\/wp-json\/wp\/v2\/media?parent=3366"}],"wp:term":[{"taxonomy":"category","embeddable":true,"href":"https:\/\/diabahia.com.br\/index.php\/wp-json\/wp\/v2\/categories?post=3366"},{"taxonomy":"post_tag","embeddable":true,"href":"https:\/\/diabahia.com.br\/index.php\/wp-json\/wp\/v2\/tags?post=3366"}],"curies":[{"name":"wp","href":"https:\/\/api.w.org\/{rel}","templated":true}]}}