{"id":3357,"date":"2023-09-01T10:20:33","date_gmt":"2023-09-01T13:20:33","guid":{"rendered":"https:\/\/diabahia.com.br\/?p=3357"},"modified":"2023-09-01T10:20:35","modified_gmt":"2023-09-01T13:20:35","slug":"dobra-numero-de-pessoas-diagnosticadas-com-covid-19-em-agosto","status":"publish","type":"post","link":"https:\/\/diabahia.com.br\/index.php\/2023\/09\/01\/dobra-numero-de-pessoas-diagnosticadas-com-covid-19-em-agosto\/","title":{"rendered":"Dobra n\u00famero de pessoas diagnosticadas com Covid-19 em agosto"},"content":{"rendered":"\n<p>A &nbsp;an\u00e1lise do Instituto Todos pela Sa\u00fade (ITpS) mostra que mais pessoas testaram positivo para a Covid-19 no m\u00eas de agosto. A taxa de positividade dos testes dobrou em rela\u00e7\u00e3o a julho, passando de 7% para 15,3%.<\/p>\n\n\n\n<p>De acordo com o Estad\u00e3o, no \u00faltimo dia 17, o Minist\u00e9rio da Sa\u00fade confirmou o primeiro caso de contamina\u00e7\u00e3o pela nova variante \u00c9ris, que j\u00e1 \u00e9 dominante nos Estados Unidos. De acordo com a pasta, a vacina\u00e7\u00e3o em dia continua sendo o principal m\u00e9todo de combate ao v\u00edrus.<\/p>\n\n\n\n<p>Segundo o ITpS, os porcentuais mais elevados de positividade s\u00e3o observados nas faixas et\u00e1rias de 49 a 59 anos (21,4%) e acima de 80 anos (20,9%). As an\u00e1lises foram feitas baseadas em dados de 1 196.275 diagn\u00f3sticos moleculares feitos entre 14 de agosto de 2022 e 19 de agosto de 2023 pelos laborat\u00f3rios Dasa, DB Molecular, Fleury, Hospital Israelita Albert Einstein, Hilab, HLAGyn e Sabin.<\/p>\n\n\n\n<p>Nos Estados analisados, Minas Gerais (21,4%) e Goi\u00e1s (20,4%) s\u00e3o os que apresentam as maiores taxas de positividade para a doen\u00e7a Em seguida, est\u00e3o Distrito Federal (19,5%), Paran\u00e1 (15,7%), S\u00e3o Paulo (14,1%) e Mato Grosso (13,6%).<\/p>\n\n\n\n<p>A nova variante, \u00c9ris, foi identificada pela primeira vez no Brasil em agosto. O primeiro caso foi confirmado no dia 17, em S\u00e3o Paulo, mas especialistas acreditam que ela j\u00e1 estava circulando no Pa\u00eds antes. Por causa do baixo \u00edndice de testagem, ela provavelmente s\u00f3 n\u00e3o tinha sido encontrada ainda pelos laborat\u00f3rios.<\/p>\n\n\n\n<p>Fonte: Varela Net <\/p>\n","protected":false},"excerpt":{"rendered":"<p>A &nbsp;an\u00e1lise do Instituto Todos pela Sa\u00fade (ITpS) mostra que mais pessoas testaram positivo para a Covid-19 no m\u00eas de agosto. A taxa de positividade dos testes dobrou em rela\u00e7\u00e3o a julho, passando de 7% para 15,3%. De acordo com o Estad\u00e3o, no \u00faltimo dia 17, o Minist\u00e9rio da Sa\u00fade confirmou o primeiro caso de [&hellip;]<\/p>\n","protected":false},"author":2,"featured_media":3358,"comment_status":"open","ping_status":"open","sticky":false,"template":"","format":"standard","meta":{"footnotes":""},"categories":[94],"tags":[],"class_list":["post-3357","post","type-post","status-publish","format-standard","has-post-thumbnail","hentry","category-saude-2"],"_links":{"self":[{"href":"https:\/\/diabahia.com.br\/index.php\/wp-json\/wp\/v2\/posts\/3357","targetHints":{"allow":["GET"]}}],"collection":[{"href":"https:\/\/diabahia.com.br\/index.php\/wp-json\/wp\/v2\/posts"}],"about":[{"href":"https:\/\/diabahia.com.br\/index.php\/wp-json\/wp\/v2\/types\/post"}],"author":[{"embeddable":true,"href":"https:\/\/diabahia.com.br\/index.php\/wp-json\/wp\/v2\/users\/2"}],"replies":[{"embeddable":true,"href":"https:\/\/diabahia.com.br\/index.php\/wp-json\/wp\/v2\/comments?post=3357"}],"version-history":[{"count":0,"href":"https:\/\/diabahia.com.br\/index.php\/wp-json\/wp\/v2\/posts\/3357\/revisions"}],"wp:featuredmedia":[{"embeddable":true,"href":"https:\/\/diabahia.com.br\/index.php\/wp-json\/wp\/v2\/media\/3358"}],"wp:attachment":[{"href":"https:\/\/diabahia.com.br\/index.php\/wp-json\/wp\/v2\/media?parent=3357"}],"wp:term":[{"taxonomy":"category","embeddable":true,"href":"https:\/\/diabahia.com.br\/index.php\/wp-json\/wp\/v2\/categories?post=3357"},{"taxonomy":"post_tag","embeddable":true,"href":"https:\/\/diabahia.com.br\/index.php\/wp-json\/wp\/v2\/tags?post=3357"}],"curies":[{"name":"wp","href":"https:\/\/api.w.org\/{rel}","templated":true}]}}