{"id":3333,"date":"2023-08-31T16:10:04","date_gmt":"2023-08-31T19:10:04","guid":{"rendered":"https:\/\/diabahia.com.br\/?p=3333"},"modified":"2023-08-31T16:10:06","modified_gmt":"2023-08-31T19:10:06","slug":"empresaria-sandy-najar-leva-pop-up-para-mansao-na-graca-confira-as-fotos","status":"publish","type":"post","link":"https:\/\/diabahia.com.br\/index.php\/2023\/08\/31\/empresaria-sandy-najar-leva-pop-up-para-mansao-na-graca-confira-as-fotos\/","title":{"rendered":"Empres\u00e1ria Sandy Najar leva pop-up para mans\u00e3o na Gra\u00e7a; confira as fotos"},"content":{"rendered":"\n<p>A publicit\u00e1ria Sandy Najar promoveu um evento para convidados na Mans\u00e3o Desembargador Amadiz Barreto, na Gra\u00e7a, na \u00faltima ter\u00e7a-feira (29). Na ocasi\u00e3o, a empres\u00e1ria levou a pop-up de sua marca, com op\u00e7\u00f5es de vestu\u00e1rio, bolsas e acess\u00f3rios, para o empreendimento.<\/p>\n\n\n\n<p>\u201cFoi um sucesso, foi super prestigiado. Muitas clientes tiveram a oportunidade de conhecer o empreendimento e eu levei uma cole\u00e7\u00e3o c\u00e1psula de um pr\u00e9-preview de ver\u00e3o. Foi bem legal porque as pessoas puderam ver um pouquinho do que vai vir. O meu preview de ver\u00e3o vai ser no final do m\u00eas de setembro no meu showroom, como eu sempre fa\u00e7o\u201d, destacou Sandy ao BN Hall.<\/p>\n\n\n\n<p>O momento reuniu personalidades baianas como Christianne Peleteiro, Ana Paula Lima, Renata Pessoa e Lara Kert\u00e9sz. O buffet do evento foi assinado por Nani Abbehusen Eventos. J\u00e1 a produ\u00e7\u00e3o foi realizada pela empreendedora Ana Paula Lima.\u00a0Confira as fotos:<\/p>\n\n\n\n<figure class=\"wp-block-image\"><img decoding=\"async\" src=\"https:\/\/www.bahianoticias.com.br\/fotos\/hall_noticias\/4280\/mg\/Sandy-Pop-Up..jpg\" alt=\"\"\/><\/figure>\n\n\n\n<figure class=\"wp-block-image\"><img decoding=\"async\" src=\"https:\/\/www.bahianoticias.com.br\/fotos\/hall_noticias\/4280\/mg\/Sandy-Najar-Pop-Up..jpg\" alt=\"\"\/><\/figure>\n\n\n\n<figure class=\"wp-block-image\"><img decoding=\"async\" src=\"https:\/\/www.bahianoticias.com.br\/fotos\/hall_noticias\/4280\/mg\/Sandy..jpg\" alt=\"\"\/><\/figure>\n\n\n\n<figure class=\"wp-block-image\"><img decoding=\"async\" src=\"https:\/\/www.bahianoticias.com.br\/fotos\/hall_noticias\/4280\/mg\/Sandy-Najar-Mans%C3%A3o..jpg\" alt=\"\"\/><\/figure>\n\n\n\n<figure class=\"wp-block-image\"><img decoding=\"async\" src=\"https:\/\/www.bahianoticias.com.br\/fotos\/hall_noticias\/4280\/mg\/Sandy-Najar-Pop-up-Mans%C3%A3o..jpg\" alt=\"\"\/><\/figure>\n\n\n\n<figure class=\"wp-block-image\"><img decoding=\"async\" src=\"https:\/\/www.bahianoticias.com.br\/fotos\/hall_noticias\/4280\/mg\/Sandy-Najar-Mans%C3%A3o-Desembargador..jpg\" alt=\"\"\/><\/figure>\n\n\n\n<figure class=\"wp-block-image\"><img decoding=\"async\" src=\"https:\/\/www.bahianoticias.com.br\/fotos\/hall_noticias\/4280\/mg\/Sandy-Najar-Evento..jpg\" alt=\"\"\/><\/figure>\n\n\n\n<figure class=\"wp-block-image\"><img decoding=\"async\" src=\"https:\/\/www.bahianoticias.com.br\/fotos\/hall_noticias\/4280\/mg\/Sandy-Najar-Evento-Mans%C3%A3o-Pop-Up..jpg\" alt=\"\"\/><\/figure>\n\n\n\n<figure class=\"wp-block-image\"><img decoding=\"async\" src=\"https:\/\/www.bahianoticias.com.br\/fotos\/hall_noticias\/4280\/mg\/Sandy-Najar-Evento-Mans%C3%A3o..jpg\" alt=\"\"\/><\/figure>\n\n\n\n<p>Fonte: Bahia Not\u00edcias<\/p>\n","protected":false},"excerpt":{"rendered":"<p>A publicit\u00e1ria Sandy Najar promoveu um evento para convidados na Mans\u00e3o Desembargador Amadiz Barreto, na Gra\u00e7a, na \u00faltima ter\u00e7a-feira (29). Na ocasi\u00e3o, a empres\u00e1ria levou a pop-up de sua marca, com op\u00e7\u00f5es de vestu\u00e1rio, bolsas e acess\u00f3rios, para o empreendimento. \u201cFoi um sucesso, foi super prestigiado. Muitas clientes tiveram a oportunidade de conhecer o empreendimento [&hellip;]<\/p>\n","protected":false},"author":2,"featured_media":3334,"comment_status":"open","ping_status":"open","sticky":false,"template":"","format":"standard","meta":{"footnotes":""},"categories":[93],"tags":[],"class_list":["post-3333","post","type-post","status-publish","format-standard","has-post-thumbnail","hentry","category-entretenimento"],"_links":{"self":[{"href":"https:\/\/diabahia.com.br\/index.php\/wp-json\/wp\/v2\/posts\/3333","targetHints":{"allow":["GET"]}}],"collection":[{"href":"https:\/\/diabahia.com.br\/index.php\/wp-json\/wp\/v2\/posts"}],"about":[{"href":"https:\/\/diabahia.com.br\/index.php\/wp-json\/wp\/v2\/types\/post"}],"author":[{"embeddable":true,"href":"https:\/\/diabahia.com.br\/index.php\/wp-json\/wp\/v2\/users\/2"}],"replies":[{"embeddable":true,"href":"https:\/\/diabahia.com.br\/index.php\/wp-json\/wp\/v2\/comments?post=3333"}],"version-history":[{"count":0,"href":"https:\/\/diabahia.com.br\/index.php\/wp-json\/wp\/v2\/posts\/3333\/revisions"}],"wp:featuredmedia":[{"embeddable":true,"href":"https:\/\/diabahia.com.br\/index.php\/wp-json\/wp\/v2\/media\/3334"}],"wp:attachment":[{"href":"https:\/\/diabahia.com.br\/index.php\/wp-json\/wp\/v2\/media?parent=3333"}],"wp:term":[{"taxonomy":"category","embeddable":true,"href":"https:\/\/diabahia.com.br\/index.php\/wp-json\/wp\/v2\/categories?post=3333"},{"taxonomy":"post_tag","embeddable":true,"href":"https:\/\/diabahia.com.br\/index.php\/wp-json\/wp\/v2\/tags?post=3333"}],"curies":[{"name":"wp","href":"https:\/\/api.w.org\/{rel}","templated":true}]}}