{"id":3330,"date":"2023-08-31T15:14:08","date_gmt":"2023-08-31T18:14:08","guid":{"rendered":"https:\/\/diabahia.com.br\/?p=3330"},"modified":"2023-08-31T15:14:10","modified_gmt":"2023-08-31T18:14:10","slug":"bahia-faz-ajustes-de-posicionamento-e-reforca-finalizacoes-no-ct-evaristo-de-macedo","status":"publish","type":"post","link":"https:\/\/diabahia.com.br\/index.php\/2023\/08\/31\/bahia-faz-ajustes-de-posicionamento-e-reforca-finalizacoes-no-ct-evaristo-de-macedo\/","title":{"rendered":"Bahia faz ajustes de posicionamento e refor\u00e7a finaliza\u00e7\u00f5es no CT Evaristo de Macedo"},"content":{"rendered":"\n<p>O Bahia voltou a treinar na manh\u00e3 desta quinta-feira (31) pensando no duelo contra o Vasco. A partida, que ser\u00e1 na Arena Fonte Nova, vai acontecer no pr\u00f3ximo domingo (3), \u00e0s 18h30, pela 22\u00aa rodada do Campeonato Brasileiro.&nbsp;<\/p>\n\n\n\n<p>Os atletas do Esquadr\u00e3o se reuniram inicialmente no audit\u00f3rio do CT e l\u00e1 acompanharam um v\u00eddeo preparado pela comiss\u00e3o t\u00e9cnica. Logo depois, os atletas passaram por atividades na academia.<\/p>\n\n\n\n<p>Em campo, os goleiros foram treinar com o preparador Rui Tavares e os demais come\u00e7aram o trabalho com uma movimenta\u00e7\u00e3o t\u00e1tica. Depois, o t\u00e9cnico Renato Paiva focou na linha defensiva. Por fim, um intenso trabalho de finaliza\u00e7\u00f5es.&nbsp;<\/p>\n\n\n\n<p>O lateral Andr\u00e9, o zagueiro David Duarte e o meia Cauly, deram sequ\u00eancia aos respectivos tratamentos de les\u00e3o na academia e na fisioterapia.<\/p>\n\n\n\n<p>O elenco tricolor volta aos trabalhos na manh\u00e3 desta sexta-feira (1\u00ba).<\/p>\n\n\n\n<p>Fonte: Bahia Not\u00edcias <\/p>\n","protected":false},"excerpt":{"rendered":"<p>O Bahia voltou a treinar na manh\u00e3 desta quinta-feira (31) pensando no duelo contra o Vasco. A partida, que ser\u00e1 na Arena Fonte Nova, vai acontecer no pr\u00f3ximo domingo (3), \u00e0s 18h30, pela 22\u00aa rodada do Campeonato Brasileiro.&nbsp; Os atletas do Esquadr\u00e3o se reuniram inicialmente no audit\u00f3rio do CT e l\u00e1 acompanharam um v\u00eddeo preparado [&hellip;]<\/p>\n","protected":false},"author":2,"featured_media":3331,"comment_status":"open","ping_status":"open","sticky":false,"template":"","format":"standard","meta":{"footnotes":""},"categories":[89],"tags":[],"class_list":["post-3330","post","type-post","status-publish","format-standard","has-post-thumbnail","hentry","category-esportes"],"_links":{"self":[{"href":"https:\/\/diabahia.com.br\/index.php\/wp-json\/wp\/v2\/posts\/3330","targetHints":{"allow":["GET"]}}],"collection":[{"href":"https:\/\/diabahia.com.br\/index.php\/wp-json\/wp\/v2\/posts"}],"about":[{"href":"https:\/\/diabahia.com.br\/index.php\/wp-json\/wp\/v2\/types\/post"}],"author":[{"embeddable":true,"href":"https:\/\/diabahia.com.br\/index.php\/wp-json\/wp\/v2\/users\/2"}],"replies":[{"embeddable":true,"href":"https:\/\/diabahia.com.br\/index.php\/wp-json\/wp\/v2\/comments?post=3330"}],"version-history":[{"count":0,"href":"https:\/\/diabahia.com.br\/index.php\/wp-json\/wp\/v2\/posts\/3330\/revisions"}],"wp:featuredmedia":[{"embeddable":true,"href":"https:\/\/diabahia.com.br\/index.php\/wp-json\/wp\/v2\/media\/3331"}],"wp:attachment":[{"href":"https:\/\/diabahia.com.br\/index.php\/wp-json\/wp\/v2\/media?parent=3330"}],"wp:term":[{"taxonomy":"category","embeddable":true,"href":"https:\/\/diabahia.com.br\/index.php\/wp-json\/wp\/v2\/categories?post=3330"},{"taxonomy":"post_tag","embeddable":true,"href":"https:\/\/diabahia.com.br\/index.php\/wp-json\/wp\/v2\/tags?post=3330"}],"curies":[{"name":"wp","href":"https:\/\/api.w.org\/{rel}","templated":true}]}}