{"id":3279,"date":"2023-08-31T10:26:47","date_gmt":"2023-08-31T13:26:47","guid":{"rendered":"https:\/\/diabahia.com.br\/?p=3279"},"modified":"2023-08-31T10:26:49","modified_gmt":"2023-08-31T13:26:49","slug":"tata-werneck-se-revolta-apos-receber-critica-por-festa-babaca","status":"publish","type":"post","link":"https:\/\/diabahia.com.br\/index.php\/2023\/08\/31\/tata-werneck-se-revolta-apos-receber-critica-por-festa-babaca\/","title":{"rendered":"Tat\u00e1 Werneck se revolta ap\u00f3s receber cr\u00edtica por festa: &#8216;Babaca&#8217;"},"content":{"rendered":"\n<p>Tat\u00e1 Werneck recebeu cr\u00edticas de internauta ap\u00f3s testar positivo para Covid-19 depois de festa de anivers\u00e1rio com presen\u00e7a de famosos. O ator Jonathan Azevedo, colega de &#8220;Terra e Paix\u00e3o&#8221;, tamb\u00e9m testou positivo para a doen\u00e7a.<\/p>\n\n\n\n<p>No perfil do Twitter, um usu\u00e1rio acusou a atriz de aglomera\u00e7\u00e3o na festa de anivers\u00e1rio dos 40 anos de Tat\u00e1.<em>&nbsp;&#8220;Vai nascer uma nova variante vindo da festa, pqp, rico n\u00e3o se controla, logo ela que criticou tanto quem se aglomerava durante a pandemia&#8221;<\/em>, escreveu a conta.<\/p>\n\n\n\n<p>Ap\u00f3s a cr\u00edtica, a apresentadora perdeu a paci\u00eancia e xingou a internauta. &#8220;Vai levar no seu **. Fui a \u00fanica que ficou em casa nesses anos. Nunca desrespeitei uma pandemia. Vai a merd*&#8221;, disparou.<\/p>\n\n\n\n<p>Tat\u00e1 Werneck foi internada ap\u00f3s apresentar sintomas da doen\u00e7a e ter uma crise de ansiedade. Por conta disso, as grava\u00e7\u00f5es de &#8220;Terra e Paix\u00e3o&#8221; precisaram sofrer ajustes.<\/p>\n\n\n\n<p>Para a Quem, a Globo afirmou que &#8220;os roteiros da produ\u00e7\u00e3o foram ajustados e a novela segue gravando normalmente&#8221;.<\/p>\n\n\n\n<p>Fonte: iBahia <\/p>\n","protected":false},"excerpt":{"rendered":"<p>Tat\u00e1 Werneck recebeu cr\u00edticas de internauta ap\u00f3s testar positivo para Covid-19 depois de festa de anivers\u00e1rio com presen\u00e7a de famosos. O ator Jonathan Azevedo, colega de &#8220;Terra e Paix\u00e3o&#8221;, tamb\u00e9m testou positivo para a doen\u00e7a. No perfil do Twitter, um usu\u00e1rio acusou a atriz de aglomera\u00e7\u00e3o na festa de anivers\u00e1rio dos 40 anos de Tat\u00e1.&nbsp;&#8220;Vai [&hellip;]<\/p>\n","protected":false},"author":2,"featured_media":3280,"comment_status":"open","ping_status":"open","sticky":false,"template":"","format":"standard","meta":{"footnotes":""},"categories":[93],"tags":[],"class_list":["post-3279","post","type-post","status-publish","format-standard","has-post-thumbnail","hentry","category-entretenimento"],"_links":{"self":[{"href":"https:\/\/diabahia.com.br\/index.php\/wp-json\/wp\/v2\/posts\/3279","targetHints":{"allow":["GET"]}}],"collection":[{"href":"https:\/\/diabahia.com.br\/index.php\/wp-json\/wp\/v2\/posts"}],"about":[{"href":"https:\/\/diabahia.com.br\/index.php\/wp-json\/wp\/v2\/types\/post"}],"author":[{"embeddable":true,"href":"https:\/\/diabahia.com.br\/index.php\/wp-json\/wp\/v2\/users\/2"}],"replies":[{"embeddable":true,"href":"https:\/\/diabahia.com.br\/index.php\/wp-json\/wp\/v2\/comments?post=3279"}],"version-history":[{"count":0,"href":"https:\/\/diabahia.com.br\/index.php\/wp-json\/wp\/v2\/posts\/3279\/revisions"}],"wp:featuredmedia":[{"embeddable":true,"href":"https:\/\/diabahia.com.br\/index.php\/wp-json\/wp\/v2\/media\/3280"}],"wp:attachment":[{"href":"https:\/\/diabahia.com.br\/index.php\/wp-json\/wp\/v2\/media?parent=3279"}],"wp:term":[{"taxonomy":"category","embeddable":true,"href":"https:\/\/diabahia.com.br\/index.php\/wp-json\/wp\/v2\/categories?post=3279"},{"taxonomy":"post_tag","embeddable":true,"href":"https:\/\/diabahia.com.br\/index.php\/wp-json\/wp\/v2\/tags?post=3279"}],"curies":[{"name":"wp","href":"https:\/\/api.w.org\/{rel}","templated":true}]}}