{"id":3240,"date":"2023-08-30T14:12:05","date_gmt":"2023-08-30T17:12:05","guid":{"rendered":"https:\/\/diabahia.com.br\/?p=3240"},"modified":"2023-08-30T14:12:07","modified_gmt":"2023-08-30T17:12:07","slug":"policiamento-e-reforcado-no-suburbio-de-salvador-durante-operacao-somando-forcas","status":"publish","type":"post","link":"https:\/\/diabahia.com.br\/index.php\/2023\/08\/30\/policiamento-e-reforcado-no-suburbio-de-salvador-durante-operacao-somando-forcas\/","title":{"rendered":"Policiamento \u00e9 refor\u00e7ado no Sub\u00farbio de Salvador durante opera\u00e7\u00e3o Somando For\u00e7as"},"content":{"rendered":"\n<p>O Sub\u00farbio de Salvador recebeu, na ter\u00e7a-feira (29), a segunda edi\u00e7\u00e3o da Opera\u00e7\u00e3o Somando For\u00e7as, da Pol\u00edcia Militar da Bahia, com blitz em diversos pontos da Avenida Suburbana, rondas e outras a\u00e7\u00f5es de monitoramento, para coibir crimes violentos letais e contra o patrim\u00f4nio. Ainda no in\u00edcio da a\u00e7\u00e3o realizada pelo Comando de Policiamento Especializado (CPE) da PM, duas pessoas com mandado de pris\u00e3o foram identificadas e conduzidas para delegacias da Pol\u00edcia Civil.<\/p>\n\n\n\n<p>De acordo com o tenente-coronel Marcelo Oliveira, do CPE, a estrat\u00e9gia da a\u00e7\u00e3o \u00e9 tra\u00e7ada a partir das informa\u00e7\u00f5es passadas pelos comandos de policiamentos regionais. \u201cO objetivo principal \u00e9 aumentar a preven\u00e7\u00e3o de crimes, a partir das necessidades desses comandos. Agimos com duas rodas, quatro rodas e cavalos. Isso aumenta a nossa capilaridade e o nosso poder de visibilidade\u201d, explicou.<\/p>\n\n\n\n<p>O trabalho de monitoramento ocorre em conjunto com as guarni\u00e7\u00f5es de cada bairro do Sub\u00farbio, tendo refor\u00e7o do policiamento com motocicletas e viaturas. Grandes corredores de tr\u00e1fego e bairros como Uruguai, Bonfim, Ribeira, Mares e Roma tamb\u00e9m foram cobertos pelas a\u00e7\u00f5es do CPE, com atua\u00e7\u00e3o do policiamento montado a cavalo e do policiamento ambiental n\u00e1utico. Est\u00e3o envolvidas na Opera\u00e7\u00e3o Somando For\u00e7as unidades como os Esquadr\u00f5es de Pol\u00edcia Montada e de Motociclistas \u00c1guia, a Companhia de Pol\u00edcia de Prote\u00e7\u00e3o Ambiental e o Batalh\u00e3o de Pol\u00edcia de Guardas.<\/p>\n\n\n\n<p>A segunda edi\u00e7\u00e3o da Opera\u00e7\u00e3o tamb\u00e9m foi ampliada e ocorre concomitantemente nas cidades de Feira de Santana, Itabuna, Paulo Afonso, Vit\u00f3ria da Conquista e Len\u00e7\u00f3is. Outros munic\u00edpios ser\u00e3o contemplados nas pr\u00f3ximas edi\u00e7\u00f5es.<\/p>\n\n\n\n<p>BALAN\u00c7O<\/p>\n\n\n\n<p>No dia 8 de agosto, a Pol\u00edcia Militar realizou a primeira edi\u00e7\u00e3o da \u2018Somando For\u00e7as\u2019 no Farol da Barra, Avenida Oce\u00e2nica, Avenida Milton Santos e rua da Paci\u00eancia, nos bairros da Barra, Ondina e Rio Vermelho, na capital. De acordo com informa\u00e7\u00f5es da PM, na primeira edi\u00e7\u00e3o, 228 pessoas foram abordadas, 117 carros \u2014 alguns deles t\u00e1xis \u2014 e motos fiscalizados em blitz. Al\u00e9m disso, foram realizadas abordagens em \u00f4nibus e pontos de \u00f4nibus. N\u00e3o foram registradas pris\u00f5es, nem apreens\u00f5es.<\/p>\n\n\n\n<p>Fonte: Bahia Not\u00edcias <\/p>\n","protected":false},"excerpt":{"rendered":"<p>O Sub\u00farbio de Salvador recebeu, na ter\u00e7a-feira (29), a segunda edi\u00e7\u00e3o da Opera\u00e7\u00e3o Somando For\u00e7as, da Pol\u00edcia Militar da Bahia, com blitz em diversos pontos da Avenida Suburbana, rondas e outras a\u00e7\u00f5es de monitoramento, para coibir crimes violentos letais e contra o patrim\u00f4nio. Ainda no in\u00edcio da a\u00e7\u00e3o realizada pelo Comando de Policiamento Especializado (CPE) [&hellip;]<\/p>\n","protected":false},"author":2,"featured_media":3241,"comment_status":"open","ping_status":"open","sticky":false,"template":"","format":"standard","meta":{"footnotes":""},"categories":[105],"tags":[],"class_list":["post-3240","post","type-post","status-publish","format-standard","has-post-thumbnail","hentry","category-policia"],"_links":{"self":[{"href":"https:\/\/diabahia.com.br\/index.php\/wp-json\/wp\/v2\/posts\/3240","targetHints":{"allow":["GET"]}}],"collection":[{"href":"https:\/\/diabahia.com.br\/index.php\/wp-json\/wp\/v2\/posts"}],"about":[{"href":"https:\/\/diabahia.com.br\/index.php\/wp-json\/wp\/v2\/types\/post"}],"author":[{"embeddable":true,"href":"https:\/\/diabahia.com.br\/index.php\/wp-json\/wp\/v2\/users\/2"}],"replies":[{"embeddable":true,"href":"https:\/\/diabahia.com.br\/index.php\/wp-json\/wp\/v2\/comments?post=3240"}],"version-history":[{"count":0,"href":"https:\/\/diabahia.com.br\/index.php\/wp-json\/wp\/v2\/posts\/3240\/revisions"}],"wp:featuredmedia":[{"embeddable":true,"href":"https:\/\/diabahia.com.br\/index.php\/wp-json\/wp\/v2\/media\/3241"}],"wp:attachment":[{"href":"https:\/\/diabahia.com.br\/index.php\/wp-json\/wp\/v2\/media?parent=3240"}],"wp:term":[{"taxonomy":"category","embeddable":true,"href":"https:\/\/diabahia.com.br\/index.php\/wp-json\/wp\/v2\/categories?post=3240"},{"taxonomy":"post_tag","embeddable":true,"href":"https:\/\/diabahia.com.br\/index.php\/wp-json\/wp\/v2\/tags?post=3240"}],"curies":[{"name":"wp","href":"https:\/\/api.w.org\/{rel}","templated":true}]}}