{"id":3233,"date":"2023-08-30T11:47:55","date_gmt":"2023-08-30T14:47:55","guid":{"rendered":"https:\/\/diabahia.com.br\/?p=3233"},"modified":"2023-08-30T11:47:57","modified_gmt":"2023-08-30T14:47:57","slug":"ali-kamel-deixara-a-direcao-geral-de-jornalismo-da-globo-cargo-sera-assumido-por-ricardo-villela","status":"publish","type":"post","link":"https:\/\/diabahia.com.br\/index.php\/2023\/08\/30\/ali-kamel-deixara-a-direcao-geral-de-jornalismo-da-globo-cargo-sera-assumido-por-ricardo-villela\/","title":{"rendered":"Ali Kamel deixar\u00e1 a dire\u00e7\u00e3o-geral de jornalismo da Globo; cargo ser\u00e1 assumido por Ricardo Villela"},"content":{"rendered":"\n<p>A Globo anunciou nesta ter\u00e7a-feira (29) que o diretor-geral de Jornalismo da emissora, Ali Kamel, deixar\u00e1 o cargo em dezembro. O sucessor ser\u00e1 o atual diretor-executivo de Jornalismo da empresa, Ricardo Villela.<\/p>\n\n\n\n<p>De acordo com a nota emitida pela emissora, a mudan\u00e7a atende um pedido de Kamel, que ir\u00e1 ocupar a rec\u00e9m-criada fun\u00e7\u00e3o de coordenador do Conselho Editorial do Grupo Globo, presidido por Jo\u00e3o Roberto Marinho. Com a altera\u00e7\u00e3o, Kamel deixar as fun\u00e7\u00f5es executivas da empresa ap\u00f3s 34 anos.<\/p>\n\n\n\n<p>Villela e Kamel s\u00e3o velhos conhecidos e trabalham juntos desde 2005. Villela foi editor de pol\u00edtica, editor-executivo e editor-chefe do Jornal da Globo, coordenou o Jornal Nacional, chefiou a reda\u00e7\u00e3o de S\u00e3o Paulo e dirigiu a reda\u00e7\u00e3o de Bras\u00edlia.&nbsp;<\/p>\n\n\n\n<p>Por sua vez, a diretoria-executiva de Jornalismo ser\u00e1 ocupada por Miguel Athayde, atual diretor da GloboNews, a partir de janeiro. Vin\u00edcius Menezes, atualmente diretor regional de jornalismo no Rio de Janeiro, assumir\u00e1 o comando da GloboNews. A lideran\u00e7a da reda\u00e7\u00e3o no Rio de Janeiro ser\u00e1 de Marcio Sternick.<\/p>\n\n\n\n<p>Fonte: Metro1 <\/p>\n","protected":false},"excerpt":{"rendered":"<p>A Globo anunciou nesta ter\u00e7a-feira (29) que o diretor-geral de Jornalismo da emissora, Ali Kamel, deixar\u00e1 o cargo em dezembro. O sucessor ser\u00e1 o atual diretor-executivo de Jornalismo da empresa, Ricardo Villela. De acordo com a nota emitida pela emissora, a mudan\u00e7a atende um pedido de Kamel, que ir\u00e1 ocupar a rec\u00e9m-criada fun\u00e7\u00e3o de coordenador [&hellip;]<\/p>\n","protected":false},"author":2,"featured_media":3234,"comment_status":"open","ping_status":"open","sticky":false,"template":"","format":"standard","meta":{"footnotes":""},"categories":[93],"tags":[],"class_list":["post-3233","post","type-post","status-publish","format-standard","has-post-thumbnail","hentry","category-entretenimento"],"_links":{"self":[{"href":"https:\/\/diabahia.com.br\/index.php\/wp-json\/wp\/v2\/posts\/3233","targetHints":{"allow":["GET"]}}],"collection":[{"href":"https:\/\/diabahia.com.br\/index.php\/wp-json\/wp\/v2\/posts"}],"about":[{"href":"https:\/\/diabahia.com.br\/index.php\/wp-json\/wp\/v2\/types\/post"}],"author":[{"embeddable":true,"href":"https:\/\/diabahia.com.br\/index.php\/wp-json\/wp\/v2\/users\/2"}],"replies":[{"embeddable":true,"href":"https:\/\/diabahia.com.br\/index.php\/wp-json\/wp\/v2\/comments?post=3233"}],"version-history":[{"count":0,"href":"https:\/\/diabahia.com.br\/index.php\/wp-json\/wp\/v2\/posts\/3233\/revisions"}],"wp:featuredmedia":[{"embeddable":true,"href":"https:\/\/diabahia.com.br\/index.php\/wp-json\/wp\/v2\/media\/3234"}],"wp:attachment":[{"href":"https:\/\/diabahia.com.br\/index.php\/wp-json\/wp\/v2\/media?parent=3233"}],"wp:term":[{"taxonomy":"category","embeddable":true,"href":"https:\/\/diabahia.com.br\/index.php\/wp-json\/wp\/v2\/categories?post=3233"},{"taxonomy":"post_tag","embeddable":true,"href":"https:\/\/diabahia.com.br\/index.php\/wp-json\/wp\/v2\/tags?post=3233"}],"curies":[{"name":"wp","href":"https:\/\/api.w.org\/{rel}","templated":true}]}}