{"id":3167,"date":"2023-08-28T16:17:15","date_gmt":"2023-08-28T19:17:15","guid":{"rendered":"https:\/\/diabahia.com.br\/?p=3167"},"modified":"2023-08-28T16:17:17","modified_gmt":"2023-08-28T19:17:17","slug":"salvador-retoma-vacinacao-de-triplice-viral-nesta-segunda-feira","status":"publish","type":"post","link":"https:\/\/diabahia.com.br\/index.php\/2023\/08\/28\/salvador-retoma-vacinacao-de-triplice-viral-nesta-segunda-feira\/","title":{"rendered":"Salvador retoma vacina\u00e7\u00e3o de tr\u00edplice viral nesta segunda-feira"},"content":{"rendered":"\n<p>A Secretaria Municipal da Sa\u00fade (SMS) retoma, nesta segunda-feira, 28, a vacina\u00e7\u00e3o da tr\u00edplice viral em todas as 160 salas de imuniza\u00e7\u00e3o da rede b\u00e1sica, das 8h \u00e0s 17h. O imunizante est\u00e1 dispon\u00edvel para pessoas de 12 meses a 59 anos.\u00a0<\/p>\n\n\n\n<p>Segundo a SMS, no \u00faltimo m\u00eas de maio, para otimizar o uso de doses por frasco, evitando perdas diante do fornecimento irregular pelo Minist\u00e9rio da Sa\u00fade, o \u00f3rg\u00e3o municipal estabeleceu unidades de refer\u00eancia para aplica\u00e7\u00e3o do imunizante. O fornecimento foi regularizado este m\u00eas, estando dispon\u00edvel atualmente em 100 % das salas de vacina\u00e7\u00e3o.<\/p>\n\n\n\n<p>A primeira dose da vacina deve ser aplicada aos 12 meses de idade. Pessoas de 5 a 29 anos n\u00e3o vacinadas ou com esquema incompleto devem receber ou completar o esquema de duas doses, considerando o intervalo m\u00ednimo de 30 dias entre as doses.<\/p>\n\n\n\n<p>J\u00e1 as pessoas de 30 a 59 anos ainda n\u00e3o vacinadas devem receber uma dose. Os trabalhadores da sa\u00fade, independentemente da idade, devem receber duas doses, tamb\u00e9m observando o intervalo m\u00ednimo de 30 dias.<\/p>\n\n\n\n<p>O imunizante \u00e9 contraindicado para gestantes, pessoas com imunodefici\u00eancia por doen\u00e7a ou medica\u00e7\u00e3o, hist\u00f3ria pr\u00e9via de anafilaxia ap\u00f3s aplica\u00e7\u00e3o de dose anterior da vacina ou a algum componente.<\/p>\n\n\n\n<p>Fonte: ATarde <\/p>\n","protected":false},"excerpt":{"rendered":"<p>A Secretaria Municipal da Sa\u00fade (SMS) retoma, nesta segunda-feira, 28, a vacina\u00e7\u00e3o da tr\u00edplice viral em todas as 160 salas de imuniza\u00e7\u00e3o da rede b\u00e1sica, das 8h \u00e0s 17h. O imunizante est\u00e1 dispon\u00edvel para pessoas de 12 meses a 59 anos.\u00a0 Segundo a SMS, no \u00faltimo m\u00eas de maio, para otimizar o uso de doses [&hellip;]<\/p>\n","protected":false},"author":2,"featured_media":3168,"comment_status":"open","ping_status":"open","sticky":false,"template":"","format":"standard","meta":{"footnotes":""},"categories":[94],"tags":[],"class_list":["post-3167","post","type-post","status-publish","format-standard","has-post-thumbnail","hentry","category-saude-2"],"_links":{"self":[{"href":"https:\/\/diabahia.com.br\/index.php\/wp-json\/wp\/v2\/posts\/3167","targetHints":{"allow":["GET"]}}],"collection":[{"href":"https:\/\/diabahia.com.br\/index.php\/wp-json\/wp\/v2\/posts"}],"about":[{"href":"https:\/\/diabahia.com.br\/index.php\/wp-json\/wp\/v2\/types\/post"}],"author":[{"embeddable":true,"href":"https:\/\/diabahia.com.br\/index.php\/wp-json\/wp\/v2\/users\/2"}],"replies":[{"embeddable":true,"href":"https:\/\/diabahia.com.br\/index.php\/wp-json\/wp\/v2\/comments?post=3167"}],"version-history":[{"count":0,"href":"https:\/\/diabahia.com.br\/index.php\/wp-json\/wp\/v2\/posts\/3167\/revisions"}],"wp:featuredmedia":[{"embeddable":true,"href":"https:\/\/diabahia.com.br\/index.php\/wp-json\/wp\/v2\/media\/3168"}],"wp:attachment":[{"href":"https:\/\/diabahia.com.br\/index.php\/wp-json\/wp\/v2\/media?parent=3167"}],"wp:term":[{"taxonomy":"category","embeddable":true,"href":"https:\/\/diabahia.com.br\/index.php\/wp-json\/wp\/v2\/categories?post=3167"},{"taxonomy":"post_tag","embeddable":true,"href":"https:\/\/diabahia.com.br\/index.php\/wp-json\/wp\/v2\/tags?post=3167"}],"curies":[{"name":"wp","href":"https:\/\/api.w.org\/{rel}","templated":true}]}}