{"id":2907,"date":"2023-08-21T14:14:14","date_gmt":"2023-08-21T17:14:14","guid":{"rendered":"https:\/\/diabahia.com.br\/?p=2907"},"modified":"2023-08-21T14:14:16","modified_gmt":"2023-08-21T17:14:16","slug":"prefeita-de-conquista-adere-a-mobilizacao-nacional-para-cobrar-aumento-no-fpm","status":"publish","type":"post","link":"https:\/\/diabahia.com.br\/index.php\/2023\/08\/21\/prefeita-de-conquista-adere-a-mobilizacao-nacional-para-cobrar-aumento-no-fpm\/","title":{"rendered":"Prefeita de Conquista adere \u00e0 mobiliza\u00e7\u00e3o nacional para cobrar aumento no FPM"},"content":{"rendered":"\n<p>A prefeitura de\u00a0Vit\u00f3ria da Conquista, no Sudoeste, vai acompanhar a paralisa\u00e7\u00e3o proposta pela Confedera\u00e7\u00e3o Nacional dos Munic\u00edpios (CNM) no pr\u00f3ximo dia 30 de agosto. Com isso, os setores administrativos n\u00e3o funcionar\u00e3o no dia, exceto as atividades essenciais, como sa\u00fade e educa\u00e7\u00e3o. \u00a0<\/p>\n\n\n\n<p>Chamado \u201cSem FPM n\u00e3o d\u00e1, as prefeituras v\u00e3o parar\u201d, o ato vai cobrar do governo federal o aumento de repasses \u00e0s prefeituras que sofrem com as oscila\u00e7\u00f5es negativas do Fundo de Participa\u00e7\u00e3o dos Munic\u00edpios (FPM). &nbsp;Em nota, a prefeita da cidade, Sheila Lemos (Uni\u00e3o), disse ter alertado a Uni\u00e3o dos Munic\u00edpios da Bahia (UPB) logo ap\u00f3s a divulga\u00e7\u00e3o da primeira parcela do dec\u00eandio de agosto, no \u00faltimo dia 9.<\/p>\n\n\n\n<p>Na \u00faltima sexta-feira (18), a segunda parcela do fundo foi repassada \u00e0s prefeituras do pa\u00eds, com nova redu\u00e7\u00e3o ante mesmo per\u00edodo de 2022. Em Vit\u00f3ria da Conquista, acrescenta a prefeitura, houve queda de mais de R$ 2 milh\u00f5es no comparativo entre os meses de julho at\u00e9 o segundo dec\u00eandio de agosto deste ano em rela\u00e7\u00e3o ao mesmo per\u00edodo anterior. \u201cOs repasses neste ano chegaram ao montante de R$ 24.590.184,04, nos dois meses do segundo semestre. Em 2022, o FPM neste mesmo intervalo somou R$ 26.665.424,69\u201d, diz trecho da nota.<\/p>\n\n\n\n<p>\u201c\u00c9 preciso que o governo federal tenha sensibilidade e atue com agilidade para que as cidades, onde as pessoas vivem, n\u00e3o sofram ainda mais. As administra\u00e7\u00f5es municipais ficam com o \u00f4nus dos programas criados pela Uni\u00e3o e perdem a capacidade de realizar investimentos necess\u00e1rios para suprir as demandas. A terceira maior cidade da Bahia vai aderir \u00e0 paralisa\u00e7\u00e3o e n\u00e3o vamos descansar enquanto n\u00e3o for apresentada uma solu\u00e7\u00e3o para estes problemas\u201d, afirmou Sheila Lemos.<\/p>\n\n\n\n<p>Conforme o presidente da Confedera\u00e7\u00e3o Nacional dos Munic\u00edpios (CNM), Paulo Roberto Ziulkosk, 51% das prefeituras est\u00e3o no \u201cvermelho\u201d.&nbsp;<\/p>\n","protected":false},"excerpt":{"rendered":"<p>A prefeitura de\u00a0Vit\u00f3ria da Conquista, no Sudoeste, vai acompanhar a paralisa\u00e7\u00e3o proposta pela Confedera\u00e7\u00e3o Nacional dos Munic\u00edpios (CNM) no pr\u00f3ximo dia 30 de agosto. Com isso, os setores administrativos n\u00e3o funcionar\u00e3o no dia, exceto as atividades essenciais, como sa\u00fade e educa\u00e7\u00e3o. \u00a0 Chamado \u201cSem FPM n\u00e3o d\u00e1, as prefeituras v\u00e3o parar\u201d, o ato vai cobrar [&hellip;]<\/p>\n","protected":false},"author":2,"featured_media":2908,"comment_status":"open","ping_status":"open","sticky":false,"template":"","format":"standard","meta":{"footnotes":""},"categories":[91],"tags":[],"class_list":["post-2907","post","type-post","status-publish","format-standard","has-post-thumbnail","hentry","category-politica"],"_links":{"self":[{"href":"https:\/\/diabahia.com.br\/index.php\/wp-json\/wp\/v2\/posts\/2907","targetHints":{"allow":["GET"]}}],"collection":[{"href":"https:\/\/diabahia.com.br\/index.php\/wp-json\/wp\/v2\/posts"}],"about":[{"href":"https:\/\/diabahia.com.br\/index.php\/wp-json\/wp\/v2\/types\/post"}],"author":[{"embeddable":true,"href":"https:\/\/diabahia.com.br\/index.php\/wp-json\/wp\/v2\/users\/2"}],"replies":[{"embeddable":true,"href":"https:\/\/diabahia.com.br\/index.php\/wp-json\/wp\/v2\/comments?post=2907"}],"version-history":[{"count":0,"href":"https:\/\/diabahia.com.br\/index.php\/wp-json\/wp\/v2\/posts\/2907\/revisions"}],"wp:featuredmedia":[{"embeddable":true,"href":"https:\/\/diabahia.com.br\/index.php\/wp-json\/wp\/v2\/media\/2908"}],"wp:attachment":[{"href":"https:\/\/diabahia.com.br\/index.php\/wp-json\/wp\/v2\/media?parent=2907"}],"wp:term":[{"taxonomy":"category","embeddable":true,"href":"https:\/\/diabahia.com.br\/index.php\/wp-json\/wp\/v2\/categories?post=2907"},{"taxonomy":"post_tag","embeddable":true,"href":"https:\/\/diabahia.com.br\/index.php\/wp-json\/wp\/v2\/tags?post=2907"}],"curies":[{"name":"wp","href":"https:\/\/api.w.org\/{rel}","templated":true}]}}