{"id":2885,"date":"2023-08-21T10:34:51","date_gmt":"2023-08-21T13:34:51","guid":{"rendered":"https:\/\/diabahia.com.br\/?p=2885"},"modified":"2023-08-21T10:34:54","modified_gmt":"2023-08-21T13:34:54","slug":"rui-costa-confirma-participacao-nas-eleicoes-municipais-de-2024","status":"publish","type":"post","link":"https:\/\/diabahia.com.br\/index.php\/2023\/08\/21\/rui-costa-confirma-participacao-nas-eleicoes-municipais-de-2024\/","title":{"rendered":"Rui Costa confirma participa\u00e7\u00e3o nas elei\u00e7\u00f5es municipais de 2024"},"content":{"rendered":"\n<p>O ministro-chefe da Casa Civil do governo Lula, Rui Costa (PT) respondeu nesta segunda-feira, 21, se pretende participar ativamente das discuss\u00f5es para a escolha do candidato a prefeito de Salvador em 2024. O petista participou da agenda do Governo do Estado nas Obras Sociais Irm\u00e3 Dulce.<\/p>\n\n\n\n<p>Rui explicou que estar\u00e1 \u201cpresente\u201d nas discuss\u00f5es, n\u00e3o s\u00f3 em Salvador, como em munic\u00edpios estrat\u00e9gicos para a base governista, que tenham acima de 50 mil habitantes.\u00a0<\/p>\n\n\n\n<p>&#8220;N\u00f3s estamos e vamos continuar conversando eu, o senador Wagner, o governador Jer\u00f4nimo para a gente ir discutindo, n\u00e3o s\u00f3 para Salvador, n\u00f3s temos 417 munic\u00edpios, e n\u00f3s vamos discutir as elei\u00e7\u00f5es municipais dentro desse n\u00facleo de articula\u00e7\u00e3o pol\u00edtica do governo, e encontrando em cada cidade&#8230;tem cidades muito importantes como Ferreira de Santana, Vit\u00f3ria da Conquista, Jequi\u00e9, Juazeiro, Barreiras, Lu\u00eds Eduardo, Guanambi, Lapa, Eun\u00e1polis, Porto Seguro, Itamaraju, ou seja, tem um n\u00famero grande de cidades. Cidades acima de 50 mil habitantes que n\u00f3s vamos precisar detalhar a elei\u00e7\u00e3o&#8221;, afirmou Rui. <\/p>\n\n\n\n<p><\/p>\n","protected":false},"excerpt":{"rendered":"<p>O ministro-chefe da Casa Civil do governo Lula, Rui Costa (PT) respondeu nesta segunda-feira, 21, se pretende participar ativamente das discuss\u00f5es para a escolha do candidato a prefeito de Salvador em 2024. O petista participou da agenda do Governo do Estado nas Obras Sociais Irm\u00e3 Dulce. Rui explicou que estar\u00e1 \u201cpresente\u201d nas discuss\u00f5es, n\u00e3o s\u00f3 [&hellip;]<\/p>\n","protected":false},"author":2,"featured_media":2886,"comment_status":"open","ping_status":"open","sticky":false,"template":"","format":"standard","meta":{"footnotes":""},"categories":[91],"tags":[],"class_list":["post-2885","post","type-post","status-publish","format-standard","has-post-thumbnail","hentry","category-politica"],"_links":{"self":[{"href":"https:\/\/diabahia.com.br\/index.php\/wp-json\/wp\/v2\/posts\/2885","targetHints":{"allow":["GET"]}}],"collection":[{"href":"https:\/\/diabahia.com.br\/index.php\/wp-json\/wp\/v2\/posts"}],"about":[{"href":"https:\/\/diabahia.com.br\/index.php\/wp-json\/wp\/v2\/types\/post"}],"author":[{"embeddable":true,"href":"https:\/\/diabahia.com.br\/index.php\/wp-json\/wp\/v2\/users\/2"}],"replies":[{"embeddable":true,"href":"https:\/\/diabahia.com.br\/index.php\/wp-json\/wp\/v2\/comments?post=2885"}],"version-history":[{"count":0,"href":"https:\/\/diabahia.com.br\/index.php\/wp-json\/wp\/v2\/posts\/2885\/revisions"}],"wp:featuredmedia":[{"embeddable":true,"href":"https:\/\/diabahia.com.br\/index.php\/wp-json\/wp\/v2\/media\/2886"}],"wp:attachment":[{"href":"https:\/\/diabahia.com.br\/index.php\/wp-json\/wp\/v2\/media?parent=2885"}],"wp:term":[{"taxonomy":"category","embeddable":true,"href":"https:\/\/diabahia.com.br\/index.php\/wp-json\/wp\/v2\/categories?post=2885"},{"taxonomy":"post_tag","embeddable":true,"href":"https:\/\/diabahia.com.br\/index.php\/wp-json\/wp\/v2\/tags?post=2885"}],"curies":[{"name":"wp","href":"https:\/\/api.w.org\/{rel}","templated":true}]}}