{"id":2481,"date":"2023-08-09T10:47:01","date_gmt":"2023-08-09T13:47:01","guid":{"rendered":"https:\/\/diabahia.com.br\/?p=2481"},"modified":"2023-08-09T10:47:03","modified_gmt":"2023-08-09T13:47:03","slug":"shape-musculoso-do-padre-marcelo-viraliza-novamente-na-web","status":"publish","type":"post","link":"https:\/\/diabahia.com.br\/index.php\/2023\/08\/09\/shape-musculoso-do-padre-marcelo-viraliza-novamente-na-web\/","title":{"rendered":"Shape musculoso do padre Marcelo viraliza novamente na web"},"content":{"rendered":"\n<p>O corpo &#8216;tra\u00e7ado&#8217; do Padre Marcelo Rossi, de 56 anos, voltou a ser um dos assuntos comentados nas redes sociais. Nesta ter\u00e7a-feira (8), o religioso publicou um v\u00eddeo no Instagram e chamou a aten\u00e7\u00e3o pelo f\u00edsico malhado.<br><br>Ao lado do seguran\u00e7a, Rossi apareceu caminhado pela rua, chamando a aten\u00e7\u00e3o pela altura do guarda-costas que foi contratado para lhe proteger.<br><br>Nos coment\u00e1rios, muitos internautas brincaram que padre Marcelo, na verdade, protege o pr\u00f3prio seguran\u00e7a devido ao tamanho dele atualmente.<\/p>\n\n\n\n<p>&#8220;Padre, aben\u00e7oa o meu whey?&#8221;, brincou uma internauta. &#8220;Indo arrebentar o diabo na porrada&#8221;, escreveu outro. &#8220;Padre quase n\u00e3o pode entrar no estacionamento, altura limite 2,30m&#8221;, disse uma seguidora.<\/p>\n\n\n\n<p>O f\u00edsico do padre virou um dos assuntos comentados ap\u00f3s o religioso ser empurrado durante uma missa, em 2019. Na \u00e9poca, ele achou que iria ficar tetrapl\u00e9gico, mas entendeu que o que viveu foi um milagre. Rossi n\u00e3o prestou boletim de ocorr\u00eancia e perdoou a mulher que o empurrou.<\/p>\n","protected":false},"excerpt":{"rendered":"<p>O corpo &#8216;tra\u00e7ado&#8217; do Padre Marcelo Rossi, de 56 anos, voltou a ser um dos assuntos comentados nas redes sociais. Nesta ter\u00e7a-feira (8), o religioso publicou um v\u00eddeo no Instagram e chamou a aten\u00e7\u00e3o pelo f\u00edsico malhado. Ao lado do seguran\u00e7a, Rossi apareceu caminhado pela rua, chamando a aten\u00e7\u00e3o pela altura do guarda-costas que foi [&hellip;]<\/p>\n","protected":false},"author":2,"featured_media":2482,"comment_status":"open","ping_status":"open","sticky":false,"template":"","format":"standard","meta":{"footnotes":""},"categories":[93],"tags":[],"class_list":["post-2481","post","type-post","status-publish","format-standard","has-post-thumbnail","hentry","category-entretenimento"],"_links":{"self":[{"href":"https:\/\/diabahia.com.br\/index.php\/wp-json\/wp\/v2\/posts\/2481","targetHints":{"allow":["GET"]}}],"collection":[{"href":"https:\/\/diabahia.com.br\/index.php\/wp-json\/wp\/v2\/posts"}],"about":[{"href":"https:\/\/diabahia.com.br\/index.php\/wp-json\/wp\/v2\/types\/post"}],"author":[{"embeddable":true,"href":"https:\/\/diabahia.com.br\/index.php\/wp-json\/wp\/v2\/users\/2"}],"replies":[{"embeddable":true,"href":"https:\/\/diabahia.com.br\/index.php\/wp-json\/wp\/v2\/comments?post=2481"}],"version-history":[{"count":0,"href":"https:\/\/diabahia.com.br\/index.php\/wp-json\/wp\/v2\/posts\/2481\/revisions"}],"wp:featuredmedia":[{"embeddable":true,"href":"https:\/\/diabahia.com.br\/index.php\/wp-json\/wp\/v2\/media\/2482"}],"wp:attachment":[{"href":"https:\/\/diabahia.com.br\/index.php\/wp-json\/wp\/v2\/media?parent=2481"}],"wp:term":[{"taxonomy":"category","embeddable":true,"href":"https:\/\/diabahia.com.br\/index.php\/wp-json\/wp\/v2\/categories?post=2481"},{"taxonomy":"post_tag","embeddable":true,"href":"https:\/\/diabahia.com.br\/index.php\/wp-json\/wp\/v2\/tags?post=2481"}],"curies":[{"name":"wp","href":"https:\/\/api.w.org\/{rel}","templated":true}]}}