{"id":2397,"date":"2023-08-08T09:39:07","date_gmt":"2023-08-08T12:39:07","guid":{"rendered":"https:\/\/diabahia.com.br\/?p=2397"},"modified":"2023-08-08T09:39:09","modified_gmt":"2023-08-08T12:39:09","slug":"transito-sera-alterado-no-centro-historico-de-salvador-durante-a-flipelo","status":"publish","type":"post","link":"https:\/\/diabahia.com.br\/index.php\/2023\/08\/08\/transito-sera-alterado-no-centro-historico-de-salvador-durante-a-flipelo\/","title":{"rendered":"Tr\u00e2nsito ser\u00e1 alterado no Centro Hist\u00f3rico de Salvador durante a Flipel\u00f4"},"content":{"rendered":"\n<p>O tr\u00e2nsito do Centro Hist\u00f3rico de Salvador ter\u00e1 altera\u00e7\u00f5es nesta semana para a realiza\u00e7\u00e3o da Festa Liter\u00e1ria Internacional do Pelourinho (Flipel\u00f4). As interven\u00e7\u00f5es v\u00e3o durar durante todo per\u00edodo do evento, de quarta-feira (9) ao domingo (13).<\/p>\n\n\n\n<p>De acordo com a Superintend\u00eancia de Tr\u00e2nsito (Transalvador), entre essas mudan\u00e7as, est\u00e1 a interdi\u00e7\u00e3o do tr\u00e1fego de ve\u00edculos no Largo do Pelourinho das 19h \u00e0s 22h, de quarta a s\u00e1bado (12). J\u00e1 no domingo (13), a interdi\u00e7\u00e3o ocorre das 17h \u00e0s 21h.<\/p>\n\n\n\n<p>Neste per\u00edodo haver\u00e1 instala\u00e7\u00e3o de barreiras m\u00f3veis nos seguintes pontos:<\/p>\n\n\n\n<p><strong>BM 01 \u2013 Largo do Pelourinho \/ Rua do Tabu\u00e3o \/ Rua Padre Agostinho Gomes<br>BM 02 \u2013 Largo Terreiro de Jesus \/ Rua Jo\u00e3o de Deus<\/strong><\/p>\n\n\n\n<p>Al\u00e9m disso, durante a realiza\u00e7\u00e3o do evento, a Transalvador vai promover o controle do tr\u00e1fego de ve\u00edculos, aux\u00edlio na travessia de pedestres e fiscaliza\u00e7\u00e3o para coibir a incid\u00eancia de estacionamento irregular, nos seguintes locais:<\/p>\n\n\n\n<p><strong>Pra\u00e7a da S\u00e9\/Largo Terreiro de Jesus\/Largo do Pelourinho<\/strong><\/p>\n","protected":false},"excerpt":{"rendered":"<p>O tr\u00e2nsito do Centro Hist\u00f3rico de Salvador ter\u00e1 altera\u00e7\u00f5es nesta semana para a realiza\u00e7\u00e3o da Festa Liter\u00e1ria Internacional do Pelourinho (Flipel\u00f4). As interven\u00e7\u00f5es v\u00e3o durar durante todo per\u00edodo do evento, de quarta-feira (9) ao domingo (13). De acordo com a Superintend\u00eancia de Tr\u00e2nsito (Transalvador), entre essas mudan\u00e7as, est\u00e1 a interdi\u00e7\u00e3o do tr\u00e1fego de ve\u00edculos no [&hellip;]<\/p>\n","protected":false},"author":2,"featured_media":2398,"comment_status":"open","ping_status":"open","sticky":false,"template":"","format":"standard","meta":{"footnotes":""},"categories":[90,85],"tags":[],"class_list":["post-2397","post","type-post","status-publish","format-standard","has-post-thumbnail","hentry","category-bahia","category-noticias"],"_links":{"self":[{"href":"https:\/\/diabahia.com.br\/index.php\/wp-json\/wp\/v2\/posts\/2397","targetHints":{"allow":["GET"]}}],"collection":[{"href":"https:\/\/diabahia.com.br\/index.php\/wp-json\/wp\/v2\/posts"}],"about":[{"href":"https:\/\/diabahia.com.br\/index.php\/wp-json\/wp\/v2\/types\/post"}],"author":[{"embeddable":true,"href":"https:\/\/diabahia.com.br\/index.php\/wp-json\/wp\/v2\/users\/2"}],"replies":[{"embeddable":true,"href":"https:\/\/diabahia.com.br\/index.php\/wp-json\/wp\/v2\/comments?post=2397"}],"version-history":[{"count":0,"href":"https:\/\/diabahia.com.br\/index.php\/wp-json\/wp\/v2\/posts\/2397\/revisions"}],"wp:featuredmedia":[{"embeddable":true,"href":"https:\/\/diabahia.com.br\/index.php\/wp-json\/wp\/v2\/media\/2398"}],"wp:attachment":[{"href":"https:\/\/diabahia.com.br\/index.php\/wp-json\/wp\/v2\/media?parent=2397"}],"wp:term":[{"taxonomy":"category","embeddable":true,"href":"https:\/\/diabahia.com.br\/index.php\/wp-json\/wp\/v2\/categories?post=2397"},{"taxonomy":"post_tag","embeddable":true,"href":"https:\/\/diabahia.com.br\/index.php\/wp-json\/wp\/v2\/tags?post=2397"}],"curies":[{"name":"wp","href":"https:\/\/api.w.org\/{rel}","templated":true}]}}