{"id":15846,"date":"2026-09-01T12:51:37","date_gmt":"2026-09-01T15:51:37","guid":{"rendered":"https:\/\/diabahia.com.br\/?p=15846"},"modified":"2026-09-01T12:51:39","modified_gmt":"2026-09-01T15:51:39","slug":"academia-salvador-tera-novo-sistema-para-agendar-aulas-gratuitas","status":"publish","type":"post","link":"https:\/\/diabahia.com.br\/index.php\/2026\/09\/01\/academia-salvador-tera-novo-sistema-para-agendar-aulas-gratuitas\/","title":{"rendered":"Academia Salvador ter\u00e1 novo sistema para agendar aulas gratuitas"},"content":{"rendered":"<p>A Academia Salvador ao Ar Livre, projeto da Prefeitura de Salvador que oferece atividades f\u00edsicas gratuitas, ter\u00e1 nova identidade visual e sistema de agendamento a partir desta ter\u00e7a-feira (1\u00ba). O relan\u00e7amento ser\u00e1 realizado \u00e0s 8h, na unidade Bonoc\u00f4, instalada no canteiro central do Parque Bonoc\u00f4, em Salvador.<\/p>\n<p>A data escolhida coincide com o Dia do Educador F\u00edsico. Criado em 2024, o projeto \u00e9 executado pela Secretaria Municipal de Promo\u00e7\u00e3o Social, Combate \u00e0 Pobreza, Esportes e Lazer (Sempre) e conta atualmente com 15 unidades em funcionamento na capital baiana.<\/p>\n<p>A iniciativa tem como objetivo ampliar o acesso da popula\u00e7\u00e3o \u00e0 pr\u00e1tica regular de atividades f\u00edsicas, principalmente entre pessoas que n\u00e3o frequentam academias convencionais.<\/p>\n<h2>Novo sistema de agendamento<\/h2>\n<p>Uma das principais mudan\u00e7as no relan\u00e7amento \u00e9 a moderniza\u00e7\u00e3o do sistema de agendamento das aulas. O acesso ser\u00e1 feito por meio de um novo portal integrado ao Salvador Digital, plataforma de servi\u00e7os digitais da Prefeitura de Salvador.<\/p>\n<p>A altera\u00e7\u00e3o pretende simplificar o processo de inscri\u00e7\u00e3o e facilitar o acesso dos moradores \u00e0s atividades oferecidas nas unidades.<\/p>\n<p>As academias disponibilizam gratuitamente equipamentos para exerc\u00edcios de muscula\u00e7\u00e3o e aulas coletivas. As atividades s\u00e3o acompanhadas por profissionais de Educa\u00e7\u00e3o F\u00edsica registrados no Conselho Regional de Educa\u00e7\u00e3o F\u00edsica (CREF), al\u00e9m de estagi\u00e1rios da \u00e1rea.<\/p>\n<p>As aulas t\u00eam dura\u00e7\u00e3o de 50 minutos e n\u00famero limitado de participantes por turma.<\/p>\n<h2>Projeto busca combater sedentarismo<\/h2>\n<p>Al\u00e9m de estimular a pr\u00e1tica regular de exerc\u00edcios, a Academia Salvador ao Ar Livre pretende contribuir para a redu\u00e7\u00e3o do sedentarismo e ampliar o acesso \u00e0 atividade f\u00edsica gratuita nos bairros de Salvador.<\/p>\n<p>As unidades tamb\u00e9m funcionam como espa\u00e7os de conviv\u00eancia. As atividades coletivas favorecem a intera\u00e7\u00e3o entre os participantes e a forma\u00e7\u00e3o de v\u00ednculos entre moradores das comunidades.<\/p>\n<p>Segundo o secret\u00e1rio da Sempre, J\u00fanior Magalh\u00e3es, a atualiza\u00e7\u00e3o do projeto busca ampliar o acesso da popula\u00e7\u00e3o e modernizar o servi\u00e7o.<\/p>\n<p>\u201cA Academia Salvador \u00e9 um projeto de sucesso porque consegue transformar a rela\u00e7\u00e3o das pessoas com a atividade f\u00edsica. \u00c9 uma pol\u00edtica p\u00fablica que tira a popula\u00e7\u00e3o do sedentarismo, oferece exerc\u00edcio gratuito e de qualidade e, ao mesmo tempo, promove sa\u00fade, bem-estar, sa\u00fade mental e integra\u00e7\u00e3o comunit\u00e1ria. Agora, com a nova identidade visual, o novo sistema de agendamento e a amplia\u00e7\u00e3o da rede, damos mais um passo para modernizar e democratizar esse servi\u00e7o\u201d, destaca o gestor.<\/p>\n<h2>Quem pode participar<\/h2>\n<p>Para participar das aulas de muscula\u00e7\u00e3o, \u00e9 necess\u00e1rio ter pelo menos 15 anos. No cadastro, s\u00e3o solicitadas informa\u00e7\u00f5es pessoais, contato de emerg\u00eancia e respostas a um question\u00e1rio sobre sa\u00fade e pr\u00e1tica de exerc\u00edcios.<\/p>\n<p>As informa\u00e7\u00f5es s\u00e3o utilizadas para a elabora\u00e7\u00e3o da ficha de sa\u00fade do aluno. Menores de 18 anos precisam fazer a inscri\u00e7\u00e3o presencialmente e estar acompanhados por um respons\u00e1vel.<\/p>\n<p>Para participantes com mais de 60 anos, \u00e9 necess\u00e1rio apresentar atestado espec\u00edfico autorizando a pr\u00e1tica de muscula\u00e7\u00e3o.<\/p>\n<p>Com a integra\u00e7\u00e3o ao Salvador Digital, o novo sistema pretende concentrar e facilitar o acesso da popula\u00e7\u00e3o ao agendamento das atividades oferecidas pelas unidades da Academia Salvador ao Ar Livre.<\/p>\n","protected":false},"excerpt":{"rendered":"<p>A Academia Salvador ao Ar Livre, projeto da Prefeitura de Salvador que oferece atividades f\u00edsicas gratuitas, ter\u00e1 nova identidade visual e sistema de agendamento a partir desta ter\u00e7a-feira (1\u00ba). O relan\u00e7amento ser\u00e1 realizado \u00e0s 8h, na unidade Bonoc\u00f4, instalada no canteiro central do Parque Bonoc\u00f4, em Salvador. A data escolhida coincide com o Dia do [&hellip;]<\/p>\n","protected":false},"author":1,"featured_media":15848,"comment_status":"open","ping_status":"closed","sticky":false,"template":"","format":"standard","meta":{"footnotes":""},"categories":[279],"tags":[],"class_list":["post-15846","post","type-post","status-publish","format-standard","has-post-thumbnail","hentry","category-academia-salvador"],"_links":{"self":[{"href":"https:\/\/diabahia.com.br\/index.php\/wp-json\/wp\/v2\/posts\/15846","targetHints":{"allow":["GET"]}}],"collection":[{"href":"https:\/\/diabahia.com.br\/index.php\/wp-json\/wp\/v2\/posts"}],"about":[{"href":"https:\/\/diabahia.com.br\/index.php\/wp-json\/wp\/v2\/types\/post"}],"author":[{"embeddable":true,"href":"https:\/\/diabahia.com.br\/index.php\/wp-json\/wp\/v2\/users\/1"}],"replies":[{"embeddable":true,"href":"https:\/\/diabahia.com.br\/index.php\/wp-json\/wp\/v2\/comments?post=15846"}],"version-history":[{"count":1,"href":"https:\/\/diabahia.com.br\/index.php\/wp-json\/wp\/v2\/posts\/15846\/revisions"}],"predecessor-version":[{"id":15847,"href":"https:\/\/diabahia.com.br\/index.php\/wp-json\/wp\/v2\/posts\/15846\/revisions\/15847"}],"wp:featuredmedia":[{"embeddable":true,"href":"https:\/\/diabahia.com.br\/index.php\/wp-json\/wp\/v2\/media\/15848"}],"wp:attachment":[{"href":"https:\/\/diabahia.com.br\/index.php\/wp-json\/wp\/v2\/media?parent=15846"}],"wp:term":[{"taxonomy":"category","embeddable":true,"href":"https:\/\/diabahia.com.br\/index.php\/wp-json\/wp\/v2\/categories?post=15846"},{"taxonomy":"post_tag","embeddable":true,"href":"https:\/\/diabahia.com.br\/index.php\/wp-json\/wp\/v2\/tags?post=15846"}],"curies":[{"name":"wp","href":"https:\/\/api.w.org\/{rel}","templated":true}]}}