{"id":14691,"date":"2026-01-27T10:50:42","date_gmt":"2026-01-27T13:50:42","guid":{"rendered":"https:\/\/diabahia.com.br\/?p=14691"},"modified":"2026-01-27T10:51:25","modified_gmt":"2026-01-27T13:51:25","slug":"porto-seguro-homem-morre-espancado-apos-esfaquear-criancas-e-incendiar-casa","status":"publish","type":"post","link":"https:\/\/diabahia.com.br\/index.php\/2026\/01\/27\/porto-seguro-homem-morre-espancado-apos-esfaquear-criancas-e-incendiar-casa\/","title":{"rendered":"Porto Seguro: homem morre espancado ap\u00f3s esfaquear crian\u00e7as e incendiar casa"},"content":{"rendered":"<p>Um homem morreu ap\u00f3s ser espancado na noite do \u00faltimo s\u00e1bado (24), em via p\u00fablica no bairro Valdete, em Porto Seguro, no sul da Bahia. Ele foi identificado como Marcelo Silva Santos, de 35 anos. O espancamento aconteceu ap\u00f3s ele ter esfaqueado duas crian\u00e7as e ateado fogo na casa onde as duas moravam.<\/p>\n<p data-start=\"394\" data-end=\"666\">De acordo com informa\u00e7\u00f5es preliminares, Marcelo teria atacado duas crian\u00e7as \u2014 um menino de 3 anos e uma menina de 8 anos \u2014 e, em seguida, ateado fogo \u00e0 resid\u00eancia onde elas moravam. Ap\u00f3s o crime, ele teria fugido do local, provocando revolta entre moradores da comunidade.<\/p>\n<p data-start=\"668\" data-end=\"984\">Ao localizar o suspeito, populares se uniram e o agrediram, caracterizando um linchamento. Marcelo foi deixado ca\u00eddo ao ch\u00e3o at\u00e9 a chegada do Servi\u00e7o de Atendimento M\u00f3vel de Urg\u00eancia (Samu). Ele chegou a ser socorrido e encaminhado ao Hospital Lu\u00eds Eduardo Magalh\u00e3es (HLEM), mas n\u00e3o resistiu aos ferimentos e morreu.<\/p>\n<p data-start=\"986\" data-end=\"1119\">As duas crian\u00e7as tamb\u00e9m foram socorridas e levadas para o Hospital Lu\u00eds Eduardo Magalh\u00e3es. O estado de sa\u00fade delas n\u00e3o foi divulgado.<\/p>\n<p data-start=\"1121\" data-end=\"1339\">A 1\u00aa Delegacia Territorial de Porto Seguro investiga o caso. Segundo a Pol\u00edcia Civil, familiares de Marcelo relataram que ele vinha apresentando surtos psic\u00f3ticos. Guias para per\u00edcia e remo\u00e7\u00e3o do corpo foram expedidas.<\/p>\n<p data-start=\"1121\" data-end=\"1339\">Fonte: aratu on<\/p>\n","protected":false},"excerpt":{"rendered":"<p>Um homem morreu ap\u00f3s ser espancado na noite do \u00faltimo s\u00e1bado (24), em via p\u00fablica no bairro Valdete, em Porto Seguro, no sul da Bahia. Ele foi identificado como Marcelo Silva Santos, de 35 anos. O espancamento aconteceu ap\u00f3s ele ter esfaqueado duas crian\u00e7as e ateado fogo na casa onde as duas moravam. De acordo [&hellip;]<\/p>\n","protected":false},"author":1,"featured_media":14693,"comment_status":"open","ping_status":"closed","sticky":false,"template":"","format":"standard","meta":{"footnotes":""},"categories":[220],"tags":[],"class_list":["post-14691","post","type-post","status-publish","format-standard","has-post-thumbnail","hentry","category-porto-seguro"],"_links":{"self":[{"href":"https:\/\/diabahia.com.br\/index.php\/wp-json\/wp\/v2\/posts\/14691","targetHints":{"allow":["GET"]}}],"collection":[{"href":"https:\/\/diabahia.com.br\/index.php\/wp-json\/wp\/v2\/posts"}],"about":[{"href":"https:\/\/diabahia.com.br\/index.php\/wp-json\/wp\/v2\/types\/post"}],"author":[{"embeddable":true,"href":"https:\/\/diabahia.com.br\/index.php\/wp-json\/wp\/v2\/users\/1"}],"replies":[{"embeddable":true,"href":"https:\/\/diabahia.com.br\/index.php\/wp-json\/wp\/v2\/comments?post=14691"}],"version-history":[{"count":1,"href":"https:\/\/diabahia.com.br\/index.php\/wp-json\/wp\/v2\/posts\/14691\/revisions"}],"predecessor-version":[{"id":14692,"href":"https:\/\/diabahia.com.br\/index.php\/wp-json\/wp\/v2\/posts\/14691\/revisions\/14692"}],"wp:featuredmedia":[{"embeddable":true,"href":"https:\/\/diabahia.com.br\/index.php\/wp-json\/wp\/v2\/media\/14693"}],"wp:attachment":[{"href":"https:\/\/diabahia.com.br\/index.php\/wp-json\/wp\/v2\/media?parent=14691"}],"wp:term":[{"taxonomy":"category","embeddable":true,"href":"https:\/\/diabahia.com.br\/index.php\/wp-json\/wp\/v2\/categories?post=14691"},{"taxonomy":"post_tag","embeddable":true,"href":"https:\/\/diabahia.com.br\/index.php\/wp-json\/wp\/v2\/tags?post=14691"}],"curies":[{"name":"wp","href":"https:\/\/api.w.org\/{rel}","templated":true}]}}