{"id":14234,"date":"2025-07-07T19:32:07","date_gmt":"2025-07-07T22:32:07","guid":{"rendered":"https:\/\/diabahia.com.br\/?p=14234"},"modified":"2025-07-07T19:32:07","modified_gmt":"2025-07-07T22:32:07","slug":"inmet-divulga-alerta-de-chuva-para-salvador-e-mais-de-70-cidades-baianas","status":"publish","type":"post","link":"https:\/\/diabahia.com.br\/index.php\/2025\/07\/07\/inmet-divulga-alerta-de-chuva-para-salvador-e-mais-de-70-cidades-baianas\/","title":{"rendered":"Inmet divulga alerta de chuva para Salvador e mais de 70 cidades baianas"},"content":{"rendered":"<p>O Instituto Nacional de Meteorologia (Inmet) emitiu, nesta segunda-feira (7), um alerta amarelo de perigo potencial de acumulado de chuvas para 78 cidades da Bahia. Cidades como Salvador, Feira de Santana e Ilh\u00e9us s\u00e3o citadas no alerta, que \u00e9 v\u00e1lido at\u00e9 a manh\u00e3 de ter\u00e7a (8).<\/p>\n<p>H\u00e1 tamb\u00e9m alerta para baixa umidade em 105 cidades do oeste do estado.<\/p>\n<p>Para os munic\u00edpios que est\u00e3o sob alerta amarelo, pode ocorrer chuvas entre 20 e 30 mm\/h ou at\u00e9 50 mm\/dia, volume considerado elevado. Apesar disso, o risco de alagamentos e deslizamentos \u00e9 baixo.<\/p>\n<p>Em caso de emerg\u00eancias, o Inmet orienta que as pessoas entrem em contato com a Defesa Civil por meio do n\u00famero 199, e com o Corpo de Bombeiros pelo 193.<\/p>\n<p><strong>Confira a lista de cidades citadas no alerta:<\/strong><\/p>\n<ol>\n<li>Acajutiba<\/li>\n<li>\u00c1gua Fria<\/li>\n<li>Alagoinhas<\/li>\n<li>Am\u00e9lia Rodrigues<\/li>\n<li>Apor\u00e1<\/li>\n<li>Ara\u00e7\u00e1s<\/li>\n<li>Aramari<\/li>\n<li>Aratu\u00edpe<\/li>\n<li>Aurelino Leal<\/li>\n<li>Cachoeira<\/li>\n<li>Cairu<\/li>\n<li>Cama\u00e7ari<\/li>\n<li>Camamu<\/li>\n<li>Candeias<\/li>\n<li>Cardeal da Silva<\/li>\n<li>Catu<\/li>\n<li>Concei\u00e7\u00e3o da Feira<\/li>\n<li>Concei\u00e7\u00e3o do Jacu\u00edpe<\/li>\n<li>Conde<\/li>\n<li>Cora\u00e7\u00e3o de Maria<\/li>\n<li>Cris\u00f3polis<\/li>\n<li>Dias d&#8217;\u00c1vila<\/li>\n<li>Dom Macedo Costa<\/li>\n<li>Entre Rios<\/li>\n<li>Esplanada<\/li>\n<li>Feira de Santana<\/li>\n<li>Gandu<\/li>\n<li>Ibirapitanga<\/li>\n<li>Igrapi\u00fana<\/li>\n<li>Ilh\u00e9us<\/li>\n<li>Inhambupe<\/li>\n<li>Irar\u00e1<\/li>\n<li>Itacar\u00e9<\/li>\n<li>Itanagra<\/li>\n<li>Itaparica<\/li>\n<li>Itapicuru<\/li>\n<li>Ituber\u00e1<\/li>\n<li>Jaguaripe<\/li>\n<li>Janda\u00edra<\/li>\n<li>Laje<\/li>\n<li>Lauro de Freitas<\/li>\n<li>Madre de Deus<\/li>\n<li>Maragogipe<\/li>\n<li>Mara\u00fa<\/li>\n<li>Mata de S\u00e3o Jo\u00e3o<\/li>\n<li>Muniz Ferreira<\/li>\n<li>Muritiba<\/li>\n<li>Nazar\u00e9<\/li>\n<li>Nilo Pe\u00e7anha<\/li>\n<li>Nova Soure<\/li>\n<li>Olindina<\/li>\n<li>Ouri\u00e7angas<\/li>\n<li>Pedr\u00e3o<\/li>\n<li>Pira\u00ed do Norte<\/li>\n<li>Pojuca<\/li>\n<li>Presidente Tancredo Neves<\/li>\n<li>Rio Real<\/li>\n<li>Salinas da Margarida<\/li>\n<li>Salvador<\/li>\n<li>Santo Amaro<\/li>\n<li>Santo Ant\u00f4nio de Jesus<\/li>\n<li>S\u00e3o Felipe<\/li>\n<li>S\u00e3o F\u00e9lix<\/li>\n<li>S\u00e3o Francisco do Conde<\/li>\n<li>S\u00e3o Gon\u00e7alo dos Campos<\/li>\n<li>S\u00e3o Sebasti\u00e3o do Pass\u00e9<\/li>\n<li>S\u00e1tiro Dias<\/li>\n<li>Saubara<\/li>\n<li>Sim\u00f5es Filho<\/li>\n<li>Tapero\u00e1<\/li>\n<li>Teodoro Sampaio<\/li>\n<li>Teol\u00e2ndia<\/li>\n<li>Terra Nova<\/li>\n<li>Ubaitaba<\/li>\n<li>Uru\u00e7uca<\/li>\n<li>Valen\u00e7a<\/li>\n<li>Vera Cruz<\/li>\n<li>Wenceslau Guimar\u00e3es<\/li>\n<\/ol>\n<p><strong>Veja\u00a0<\/strong><strong>abaixo as cidades da Bahia em alerta amarelo de baixa umidade:<\/strong><\/p>\n<ol>\n<li>Aba\u00edra<\/li>\n<li>Am\u00e9rica Dourada<\/li>\n<li>Angical<\/li>\n<li>Baian\u00f3polis<\/li>\n<li>Barra<\/li>\n<li>Barra do Mendes<\/li>\n<li>Barreiras<\/li>\n<li>Barro Alto<\/li>\n<li>Bom Jesus da Lapa<\/li>\n<li>Boninal<\/li>\n<li>Boquira<\/li>\n<li>Botupor\u00e3<\/li>\n<li>Brejol\u00e2ndia<\/li>\n<li>Brotas de Maca\u00fabas<\/li>\n<li>Brumado<\/li>\n<li>Buritirama<\/li>\n<li>Cacul\u00e9<\/li>\n<li>Caetit\u00e9<\/li>\n<li>Campo Alegre de Lourdes<\/li>\n<li>Can\u00e1polis<\/li>\n<li>Canarana<\/li>\n<li>Candiba<\/li>\n<li>Carinhanha<\/li>\n<li>Casa Nova<\/li>\n<li>Catol\u00e2ndia<\/li>\n<li>Caturama<\/li>\n<li>Central<\/li>\n<li>Cocos<\/li>\n<li>Conde\u00faba<\/li>\n<li>Cordeiros<\/li>\n<li>Coribe<\/li>\n<li>Correntina<\/li>\n<li>Cotegipe<\/li>\n<li>Crist\u00f3polis<\/li>\n<li>\u00c9rico Cardoso<\/li>\n<li>Feira da Mata<\/li>\n<li>Formosa do Rio Preto<\/li>\n<li>Gentio do Ouro<\/li>\n<li>Guajeru<\/li>\n<li>Guanambi<\/li>\n<li>Ibiassuc\u00ea<\/li>\n<li>Ibipeba<\/li>\n<li>Ibipitanga<\/li>\n<li>Ibitiara<\/li>\n<li>Ibitit\u00e1<\/li>\n<li>Ibotirama<\/li>\n<li>Igapor\u00e3<\/li>\n<li>Ipupiara<\/li>\n<li>Irec\u00ea<\/li>\n<li>Itagua\u00e7u da Bahia<\/li>\n<li>Iuiu<\/li>\n<li>Jaborandi<\/li>\n<li>Jacaraci<\/li>\n<li>Jo\u00e3o Dourado<\/li>\n<li>Jussara<\/li>\n<li>Lagoa Real<\/li>\n<li>Lap\u00e3o<\/li>\n<li>Lic\u00ednio de Almeida<\/li>\n<li>Livramento de Nossa Senhora<\/li>\n<li>Lu\u00eds Eduardo Magalh\u00e3es<\/li>\n<li>Maca\u00fabas<\/li>\n<li>Malhada<\/li>\n<li>Malhada de Pedras<\/li>\n<li>Mansid\u00e3o<\/li>\n<li>Matina<\/li>\n<li>Morpar\u00e1<\/li>\n<li>Morro do Chap\u00e9u<\/li>\n<li>Mortugaba<\/li>\n<li>Muqu\u00e9m do S\u00e3o Francisco<\/li>\n<li>Novo Horizonte<\/li>\n<li>Oliveira dos Brejinhos<\/li>\n<li>Palmas de Monte Alto<\/li>\n<li>Paramirim<\/li>\n<li>Paratinga<\/li>\n<li>Piat\u00e3<\/li>\n<li>Pil\u00e3o Arcado<\/li>\n<li>Pinda\u00ed<\/li>\n<li>Presidente Dutra<\/li>\n<li>Presidente J\u00e2nio Quadros<\/li>\n<li>Remanso<\/li>\n<li>Riach\u00e3o das Neves<\/li>\n<li>Riacho de Santana<\/li>\n<li>Rio de Contas<\/li>\n<li>Rio do Ant\u00f4nio<\/li>\n<li>Rio do Pires<\/li>\n<li>Santa Maria da Vit\u00f3ria<\/li>\n<li>Santana<\/li>\n<li>Santa Rita de C\u00e1ssia<\/li>\n<li>S\u00e3o Desid\u00e9rio<\/li>\n<li>S\u00e3o F\u00e9lix do Coribe<\/li>\n<li>S\u00e3o Gabriel<\/li>\n<li>Seabra<\/li>\n<li>Sebasti\u00e3o Laranjeiras<\/li>\n<li>Sento S\u00e9<\/li>\n<li>Serra do Ramalho<\/li>\n<li>Serra Dourada<\/li>\n<li>S\u00edtio do Mato<\/li>\n<li>Souto Soares<\/li>\n<li>Tabocas do Brejo Velho<\/li>\n<li>Tanque Novo<\/li>\n<li>Uiba\u00ed<\/li>\n<li>Umburanas<\/li>\n<li>Urandi<\/li>\n<li>Wanderley<\/li>\n<li>Xique-Xique<\/li>\n<\/ol>\n","protected":false},"excerpt":{"rendered":"<p>O Instituto Nacional de Meteorologia (Inmet) emitiu, nesta segunda-feira (7), um alerta amarelo de perigo potencial de acumulado de chuvas para 78 cidades da Bahia. Cidades como Salvador, Feira de Santana e Ilh\u00e9us s\u00e3o citadas no alerta, que \u00e9 v\u00e1lido at\u00e9 a manh\u00e3 de ter\u00e7a (8). H\u00e1 tamb\u00e9m alerta para baixa umidade em 105 cidades [&hellip;]<\/p>\n","protected":false},"author":1,"featured_media":14236,"comment_status":"open","ping_status":"closed","sticky":false,"template":"","format":"standard","meta":{"footnotes":""},"categories":[162],"tags":[],"class_list":["post-14234","post","type-post","status-publish","format-standard","has-post-thumbnail","hentry","category-chuva"],"_links":{"self":[{"href":"https:\/\/diabahia.com.br\/index.php\/wp-json\/wp\/v2\/posts\/14234","targetHints":{"allow":["GET"]}}],"collection":[{"href":"https:\/\/diabahia.com.br\/index.php\/wp-json\/wp\/v2\/posts"}],"about":[{"href":"https:\/\/diabahia.com.br\/index.php\/wp-json\/wp\/v2\/types\/post"}],"author":[{"embeddable":true,"href":"https:\/\/diabahia.com.br\/index.php\/wp-json\/wp\/v2\/users\/1"}],"replies":[{"embeddable":true,"href":"https:\/\/diabahia.com.br\/index.php\/wp-json\/wp\/v2\/comments?post=14234"}],"version-history":[{"count":1,"href":"https:\/\/diabahia.com.br\/index.php\/wp-json\/wp\/v2\/posts\/14234\/revisions"}],"predecessor-version":[{"id":14235,"href":"https:\/\/diabahia.com.br\/index.php\/wp-json\/wp\/v2\/posts\/14234\/revisions\/14235"}],"wp:featuredmedia":[{"embeddable":true,"href":"https:\/\/diabahia.com.br\/index.php\/wp-json\/wp\/v2\/media\/14236"}],"wp:attachment":[{"href":"https:\/\/diabahia.com.br\/index.php\/wp-json\/wp\/v2\/media?parent=14234"}],"wp:term":[{"taxonomy":"category","embeddable":true,"href":"https:\/\/diabahia.com.br\/index.php\/wp-json\/wp\/v2\/categories?post=14234"},{"taxonomy":"post_tag","embeddable":true,"href":"https:\/\/diabahia.com.br\/index.php\/wp-json\/wp\/v2\/tags?post=14234"}],"curies":[{"name":"wp","href":"https:\/\/api.w.org\/{rel}","templated":true}]}}