{"id":13848,"date":"2025-04-15T11:23:45","date_gmt":"2025-04-15T14:23:45","guid":{"rendered":"https:\/\/diabahia.com.br\/?p=13848"},"modified":"2025-04-15T11:23:46","modified_gmt":"2025-04-15T14:23:46","slug":"tecnico-do-vitoria-thiago-carpini-na-mira-do-santos-para-vaga-caxinha","status":"publish","type":"post","link":"https:\/\/diabahia.com.br\/index.php\/2025\/04\/15\/tecnico-do-vitoria-thiago-carpini-na-mira-do-santos-para-vaga-caxinha\/","title":{"rendered":"T\u00c9CNICO DO VIT\u00d3RIA: Thiago Carpini na mira do Santos para vaga Caxinha"},"content":{"rendered":"<p>N\u00e3o \u00e9 a primeira vez, desde 2023 que a dire\u00e7\u00e3o do Santos monitora o t\u00e9cnico Thiago Carpini. Com a m\u00e1 campanha do time paulista no in\u00edcio da S\u00e9rie A, \u00e9 o 18\u00ba com um ponto ganho em tr\u00eas jogos, o t\u00e9cnico portugu\u00eas Pedro Caxinha foi demitido ontem pelo clube santista, e o nome do treinador do Vit\u00f3ria, segundo a imprensa paulista, est\u00e1 na mesa de negocia\u00e7\u00f5es para assumir o time de Neymar. Saiu o treinador portugu\u00eas e toda a sua Comiss\u00e3o T\u00e9cnica, os auxiliares Pedro Malta e Jos\u00e9 Pratas, o preparador f\u00edsico Guilherme Gomes e o preparador de goleiros Jos\u00e9 Belman. O ex-jogador Cesar Sampaio \u00e9 o t\u00e9cnico interino.<\/p>\n<p>Mas o nome de Thiago Carpini n\u00e3o \u00e9 o \u00fanico na mesa de negocia\u00e7\u00f5es do Santos. Antes de rescindir com o portugu\u00eas Pedro Caixinha, atrav\u00e9s do CEO, Pedro Martins, fez consultas no mercado do futebol brasileiro, com Dorival J\u00fanior e Tite. Mas os dois n\u00e3o se mostraram interessados em voltar a trabalhar neste momento. Dorival saiu do comando da sele\u00e7\u00e3o brasileira h\u00e1 pouco mais de um m\u00eas e, desde ent\u00e3o, recebeu consulta n\u00e3o s\u00f3 do Santos, mas tamb\u00e9m de outros clubes do futebol brasileiro. O Santos tamb\u00e9m sondou Tite, com quem Neymar tem \u00f3tima rela\u00e7\u00e3o, mas as negocia\u00e7\u00f5es n\u00e3o avan\u00e7aram. O treinador est\u00e1 fora do mercado desde 30 de setembro de 2024, quando deixou o Flamengo.<\/p>\n<p>&nbsp;<\/p>\n","protected":false},"excerpt":{"rendered":"<p>N\u00e3o \u00e9 a primeira vez, desde 2023 que a dire\u00e7\u00e3o do Santos monitora o t\u00e9cnico Thiago Carpini. Com a m\u00e1 campanha do time paulista no in\u00edcio da S\u00e9rie A, \u00e9 o 18\u00ba com um ponto ganho em tr\u00eas jogos, o t\u00e9cnico portugu\u00eas Pedro Caxinha foi demitido ontem pelo clube santista, e o nome do treinador [&hellip;]<\/p>\n","protected":false},"author":1,"featured_media":13850,"comment_status":"open","ping_status":"closed","sticky":false,"template":"","format":"standard","meta":{"footnotes":""},"categories":[85],"tags":[],"class_list":["post-13848","post","type-post","status-publish","format-standard","has-post-thumbnail","hentry","category-noticias"],"_links":{"self":[{"href":"https:\/\/diabahia.com.br\/index.php\/wp-json\/wp\/v2\/posts\/13848","targetHints":{"allow":["GET"]}}],"collection":[{"href":"https:\/\/diabahia.com.br\/index.php\/wp-json\/wp\/v2\/posts"}],"about":[{"href":"https:\/\/diabahia.com.br\/index.php\/wp-json\/wp\/v2\/types\/post"}],"author":[{"embeddable":true,"href":"https:\/\/diabahia.com.br\/index.php\/wp-json\/wp\/v2\/users\/1"}],"replies":[{"embeddable":true,"href":"https:\/\/diabahia.com.br\/index.php\/wp-json\/wp\/v2\/comments?post=13848"}],"version-history":[{"count":1,"href":"https:\/\/diabahia.com.br\/index.php\/wp-json\/wp\/v2\/posts\/13848\/revisions"}],"predecessor-version":[{"id":13849,"href":"https:\/\/diabahia.com.br\/index.php\/wp-json\/wp\/v2\/posts\/13848\/revisions\/13849"}],"wp:featuredmedia":[{"embeddable":true,"href":"https:\/\/diabahia.com.br\/index.php\/wp-json\/wp\/v2\/media\/13850"}],"wp:attachment":[{"href":"https:\/\/diabahia.com.br\/index.php\/wp-json\/wp\/v2\/media?parent=13848"}],"wp:term":[{"taxonomy":"category","embeddable":true,"href":"https:\/\/diabahia.com.br\/index.php\/wp-json\/wp\/v2\/categories?post=13848"},{"taxonomy":"post_tag","embeddable":true,"href":"https:\/\/diabahia.com.br\/index.php\/wp-json\/wp\/v2\/tags?post=13848"}],"curies":[{"name":"wp","href":"https:\/\/api.w.org\/{rel}","templated":true}]}}