{"id":13655,"date":"2025-03-20T15:29:47","date_gmt":"2025-03-20T18:29:47","guid":{"rendered":"https:\/\/diabahia.com.br\/?p=13655"},"modified":"2025-03-20T15:29:47","modified_gmt":"2025-03-20T18:29:47","slug":"campanha-faz-alerta-para-a-protecao-de-pessoas-com-transtorno-do-espectro-autista-no-transito","status":"publish","type":"post","link":"https:\/\/diabahia.com.br\/index.php\/2025\/03\/20\/campanha-faz-alerta-para-a-protecao-de-pessoas-com-transtorno-do-espectro-autista-no-transito\/","title":{"rendered":"Campanha faz alerta para a prote\u00e7\u00e3o de pessoas com Transtorno do Espectro Autista no tr\u00e2nsito"},"content":{"rendered":"<p>A campanha \u201cAutista a Bordo\u201d, lan\u00e7ada no ano passado pela Prefeitura de Salvador, por meio da Secretaria Municipal de Promo\u00e7\u00e3o Social, Combate \u00e0 Pobreza, Esportes e Lazer (Sempre), tem conscientizado motoristas sobre a import\u00e2ncia de um tr\u00e2nsito mais seguro e inclusivo para pessoas com Transtorno do Espectro Autista (TEA).<\/p>\n<p>A iniciativa incentiva os condutores da capital baiana a evitarem buzinas, far\u00f3is altos e ultrapassagens bruscas quando identificarem um ve\u00edculo transportando passageiros autistas, pois esses est\u00edmulos podem causar sobrecarga sensorial e desencadear crises.<\/p>\n<p>Para tornar essa identifica\u00e7\u00e3o mais f\u00e1cil, a Sempre distribui adesivos informativos para fam\u00edlias com membros autistas, permitindo que outros motoristas reconhe\u00e7am que h\u00e1 um passageiro com TEA no ve\u00edculo \u00e0 frente. At\u00e9 o momento, 350 fam\u00edlias j\u00e1 aderiram \u00e0 campanha e receberam os adesivos.<\/p>\n<p>Al\u00e9m da distribui\u00e7\u00e3o para pessoas cadastradas no Cadastro \u00danico, a secretaria tamb\u00e9m entrega os adesivos em a\u00e7\u00f5es de abordagem. Em abril, diversas pastas municipais v\u00e3o se unir \u00e0 campanha para promover a\u00e7\u00f5es de conscientiza\u00e7\u00e3o e ampliar a distribui\u00e7\u00e3o dos adesivos.<\/p>\n<p><strong>Suporte para as m\u00e3es<\/strong><\/p>\n<p>\u201cA iniciativa visa, principalmente, evitar acidentes, pois, em determinadas situa\u00e7\u00f5es, uma m\u00e3e ou pai pode estar dirigindo com seu filho autista no carro e ele sofrer uma convuls\u00e3o ou ter uma crise sensorial, exigindo a redu\u00e7\u00e3o repentina da velocidade. Por exemplo, em uma via com limite de 80 km\/h, pode ser necess\u00e1rio reduzir para 40 km\/h. O adesivo \u2018Autista a Bordo\u2019, colado no vidro traseiro, no para-choque e no vidro dianteiro, facilita a identifica\u00e7\u00e3o para os condutores que est\u00e3o atr\u00e1s ou ao lado, alertando-os sobre a necessidade de maior aten\u00e7\u00e3o e paci\u00eancia\u201d, explica Daiane Pina, diretora de Pol\u00edticas P\u00fablicas para Pessoas com Defici\u00eancia (DPCD) da Sempre.<\/p>\n<p>A medida surgiu a partir da escuta das m\u00e3es, que relataram dificuldades no tr\u00e2nsito, como o receio de levar multas ou a necessidade de cancelar compromissos devido \u00e0s crises dos filhos.<\/p>\n<p>\u201cMuitas evitavam dirigir para n\u00e3o colocar a seguran\u00e7a deles em risco. Diante disso, foi criado o adesivo com o prop\u00f3sito de facilitar a vida dessas m\u00e3es e aumentar a seguran\u00e7a no tr\u00e2nsito\u201d, conta.<\/p>\n<p>A diretora lembra que outra forma de a popula\u00e7\u00e3o colaborar \u00e9 conscientizando familiares e amigos sobre a import\u00e2ncia do respeito e da compreens\u00e3o no tr\u00e2nsito.<\/p>\n<p>A advogada Mara Ara\u00fajo, m\u00e3e do Pedro, de oito anos, destaca a import\u00e2ncia da campanha. O garoto foi diagnosticado com TEA n\u00edvel 2, o que significa maior sensibilidade sensorial. Sons como buzinas e fogos de artif\u00edcio podem causar grande inc\u00f4modo.<\/p>\n<p>\u201cAcho a iniciativa muito importante, porque \u00e9 imposs\u00edvel o motorista que est\u00e1 atr\u00e1s ou do lado saber que ali tem uma pessoa com TEA. Com o adesivo e a conscientiza\u00e7\u00e3o, podemos evitar crises e ter uma viagem mais segura\u201d, opina a m\u00e3e, que evita sair com o filho em hor\u00e1rios de pico justamente para evitar transtornos.<\/p>\n<p><strong>Retirada<\/strong><\/p>\n<p>Os adesivos da campanha podem ser obtidos gratuitamente na Sempre, no Espa\u00e7o CIPTEA, de segunda a sexta-feira, das 8h30 \u00e0s 11h e das 13h30 \u00e0s 16h, mediante apresenta\u00e7\u00e3o da carteira de identifica\u00e7\u00e3o da pessoa com transtorno do espectro autista ou laudo m\u00e9dico.<\/p>\n<div>\n<div>\n<div class=\"trv-player-container\">\n<div class=\"trv-wrapper\">\n<div id=\"br_video_player_9cca3b0994348d602698ecd938439e9dc3c659f9\" class=\"trvd_video_player trvdinstream\">\n<div class=\"media-player\">\n<div class=\"trv-video\"><\/div>\n<\/div>\n<\/div>\n<\/div>\n<\/div>\n<\/div>\n<\/div>\n","protected":false},"excerpt":{"rendered":"<p>A campanha \u201cAutista a Bordo\u201d, lan\u00e7ada no ano passado pela Prefeitura de Salvador, por meio da Secretaria Municipal de Promo\u00e7\u00e3o Social, Combate \u00e0 Pobreza, Esportes e Lazer (Sempre), tem conscientizado motoristas sobre a import\u00e2ncia de um tr\u00e2nsito mais seguro e inclusivo para pessoas com Transtorno do Espectro Autista (TEA). A iniciativa incentiva os condutores da [&hellip;]<\/p>\n","protected":false},"author":1,"featured_media":13657,"comment_status":"open","ping_status":"closed","sticky":false,"template":"","format":"standard","meta":{"footnotes":""},"categories":[119],"tags":[],"class_list":["post-13655","post","type-post","status-publish","format-standard","has-post-thumbnail","hentry","category-campanha"],"_links":{"self":[{"href":"https:\/\/diabahia.com.br\/index.php\/wp-json\/wp\/v2\/posts\/13655","targetHints":{"allow":["GET"]}}],"collection":[{"href":"https:\/\/diabahia.com.br\/index.php\/wp-json\/wp\/v2\/posts"}],"about":[{"href":"https:\/\/diabahia.com.br\/index.php\/wp-json\/wp\/v2\/types\/post"}],"author":[{"embeddable":true,"href":"https:\/\/diabahia.com.br\/index.php\/wp-json\/wp\/v2\/users\/1"}],"replies":[{"embeddable":true,"href":"https:\/\/diabahia.com.br\/index.php\/wp-json\/wp\/v2\/comments?post=13655"}],"version-history":[{"count":1,"href":"https:\/\/diabahia.com.br\/index.php\/wp-json\/wp\/v2\/posts\/13655\/revisions"}],"predecessor-version":[{"id":13656,"href":"https:\/\/diabahia.com.br\/index.php\/wp-json\/wp\/v2\/posts\/13655\/revisions\/13656"}],"wp:featuredmedia":[{"embeddable":true,"href":"https:\/\/diabahia.com.br\/index.php\/wp-json\/wp\/v2\/media\/13657"}],"wp:attachment":[{"href":"https:\/\/diabahia.com.br\/index.php\/wp-json\/wp\/v2\/media?parent=13655"}],"wp:term":[{"taxonomy":"category","embeddable":true,"href":"https:\/\/diabahia.com.br\/index.php\/wp-json\/wp\/v2\/categories?post=13655"},{"taxonomy":"post_tag","embeddable":true,"href":"https:\/\/diabahia.com.br\/index.php\/wp-json\/wp\/v2\/tags?post=13655"}],"curies":[{"name":"wp","href":"https:\/\/api.w.org\/{rel}","templated":true}]}}