{"id":13175,"date":"2025-02-10T14:46:48","date_gmt":"2025-02-10T17:46:48","guid":{"rendered":"https:\/\/diabahia.com.br\/?p=13175"},"modified":"2025-02-10T14:46:49","modified_gmt":"2025-02-10T17:46:49","slug":"bruno-reis-anuncia-rodrigo-alves-como-novo-titular-da-secretaria-de-saude","status":"publish","type":"post","link":"https:\/\/diabahia.com.br\/index.php\/2025\/02\/10\/bruno-reis-anuncia-rodrigo-alves-como-novo-titular-da-secretaria-de-saude\/","title":{"rendered":"Bruno Reis anuncia Rodrigo Alves como novo titular da Secretaria de Sa\u00fade"},"content":{"rendered":"\n<p>Nesta segunda-feira, (10), o prefeito Bruno Reis anunciou que o atual secret\u00e1rio de Gest\u00e3o, Rodrigo Alves, ocupar\u00e1 a Secretaria Municipal de Sa\u00fade (SMS), substituindo Alexandre Reis. A decis\u00e3o foi comunicada durante uma coletiva de imprensa no Pal\u00e1cio Thom\u00e9 de Souza, na Pra\u00e7a Municipal.<\/p>\n\n\n\n<p>Rodrigo Alves, indicado por Carlos Muniz, presidente da C\u00e2mara Municipal e do PSDB de Salvador, assume o cargo ap\u00f3s uma disputa entre o prefeito e o pol\u00edtico.<\/p>\n\n\n\n<p>A nomea\u00e7\u00e3o marca um aumento na participa\u00e7\u00e3o do PSDB na administra\u00e7\u00e3o municipal, que tamb\u00e9m busca retomar a gest\u00e3o da Secretaria Municipal de Educa\u00e7\u00e3o (SMED), atualmente sob comando de Thiago Dantas.<\/p>\n\n\n\n<p>Al\u00e9m disso, a vice-prefeita Ana Paula Matos (PDT), que se afastou da Sa\u00fade por conta das elei\u00e7\u00f5es, pode ser nomeada para a Secretaria de Cultura (Secult).<\/p>\n\n\n\n<p>Fonte: Varela Net <\/p>\n","protected":false},"excerpt":{"rendered":"<p>Nesta segunda-feira, (10), o prefeito Bruno Reis anunciou que o atual secret\u00e1rio de Gest\u00e3o, Rodrigo Alves, ocupar\u00e1 a Secretaria Municipal de Sa\u00fade (SMS), substituindo Alexandre Reis. A decis\u00e3o foi comunicada durante uma coletiva de imprensa no Pal\u00e1cio Thom\u00e9 de Souza, na Pra\u00e7a Municipal. Rodrigo Alves, indicado por Carlos Muniz, presidente da C\u00e2mara Municipal e do [&hellip;]<\/p>\n","protected":false},"author":2,"featured_media":13176,"comment_status":"closed","ping_status":"open","sticky":false,"template":"","format":"standard","meta":{"footnotes":""},"categories":[91],"tags":[],"class_list":["post-13175","post","type-post","status-publish","format-standard","has-post-thumbnail","hentry","category-politica"],"_links":{"self":[{"href":"https:\/\/diabahia.com.br\/index.php\/wp-json\/wp\/v2\/posts\/13175","targetHints":{"allow":["GET"]}}],"collection":[{"href":"https:\/\/diabahia.com.br\/index.php\/wp-json\/wp\/v2\/posts"}],"about":[{"href":"https:\/\/diabahia.com.br\/index.php\/wp-json\/wp\/v2\/types\/post"}],"author":[{"embeddable":true,"href":"https:\/\/diabahia.com.br\/index.php\/wp-json\/wp\/v2\/users\/2"}],"replies":[{"embeddable":true,"href":"https:\/\/diabahia.com.br\/index.php\/wp-json\/wp\/v2\/comments?post=13175"}],"version-history":[{"count":0,"href":"https:\/\/diabahia.com.br\/index.php\/wp-json\/wp\/v2\/posts\/13175\/revisions"}],"wp:featuredmedia":[{"embeddable":true,"href":"https:\/\/diabahia.com.br\/index.php\/wp-json\/wp\/v2\/media\/13176"}],"wp:attachment":[{"href":"https:\/\/diabahia.com.br\/index.php\/wp-json\/wp\/v2\/media?parent=13175"}],"wp:term":[{"taxonomy":"category","embeddable":true,"href":"https:\/\/diabahia.com.br\/index.php\/wp-json\/wp\/v2\/categories?post=13175"},{"taxonomy":"post_tag","embeddable":true,"href":"https:\/\/diabahia.com.br\/index.php\/wp-json\/wp\/v2\/tags?post=13175"}],"curies":[{"name":"wp","href":"https:\/\/api.w.org\/{rel}","templated":true}]}}