{"id":13145,"date":"2025-02-07T11:26:43","date_gmt":"2025-02-07T14:26:43","guid":{"rendered":"https:\/\/diabahia.com.br\/?p=13145"},"modified":"2025-02-07T11:26:45","modified_gmt":"2025-02-07T14:26:45","slug":"jogo-entre-barcelona-de-ilheus-x-bahia-tem-local-definido","status":"publish","type":"post","link":"https:\/\/diabahia.com.br\/index.php\/2025\/02\/07\/jogo-entre-barcelona-de-ilheus-x-bahia-tem-local-definido\/","title":{"rendered":"Jogo entre Barcelona de Ilh\u00e9us x Bahia tem local definido"},"content":{"rendered":"\n<p>Depois de muita discuss\u00e3o e incerteza, o jogo entre Barcelona de Ilh\u00e9us e Bahia tem local definido. Ap\u00f3s reuni\u00e3o realizada na tarde desta quinta-feira (6), o confronto acontecer\u00e1 no Barrad\u00e3o, em Salvador. Estavam presentes representantes do Minist\u00e9rio P\u00fablico (MP-BA), Federa\u00e7\u00e3o Bahiana de Futebol (FBF) e o Batalh\u00e3o Especializado em Policiamento de Eventos (Bepe), Barcelona e Vit\u00f3ria.<\/p>\n\n\n\n<p>Um acordo foi assinado entre as equipes garantindo que n\u00e3o haja nenhum risco de preju\u00edzo ao patrim\u00f4nio rubro-negro por parte dos torcedores presentes na partida. Uma vistoria ser\u00e1 no est\u00e1dio antes da partida para que o mesmo seja entregue da mesma maneira. Anteriormente, o Vit\u00f3ria chegou a encaminhar um of\u00edcio para a FBF solicitando que o jogo n\u00e3o fosse realizado no Barrad\u00e3o. A explica\u00e7\u00e3o da diretoria do Le\u00e3o da Barra \u00e9 que teria obtido informa\u00e7\u00f5es de &#8220;amea\u00e7as de depreda\u00e7\u00e3o divulgadas por meio de not\u00edcias e redes sociais&#8221;.<\/p>\n\n\n\n<p>Barcelona e Bahia se enfrentam no pr\u00f3ximo s\u00e1bado (15), \u00e0s 16h, pela 8\u00aa rodada do campeonato baiano. O time de Ilh\u00e9us ocupa a sexta coloca\u00e7\u00e3o do estadual com 8 pontos, j\u00e1 o Esquadr\u00e3o \u00e9 o terceiro com 12 pontos.<\/p>\n\n\n\n<p>Fonte: Varela Net <\/p>\n","protected":false},"excerpt":{"rendered":"<p>Depois de muita discuss\u00e3o e incerteza, o jogo entre Barcelona de Ilh\u00e9us e Bahia tem local definido. Ap\u00f3s reuni\u00e3o realizada na tarde desta quinta-feira (6), o confronto acontecer\u00e1 no Barrad\u00e3o, em Salvador. Estavam presentes representantes do Minist\u00e9rio P\u00fablico (MP-BA), Federa\u00e7\u00e3o Bahiana de Futebol (FBF) e o Batalh\u00e3o Especializado em Policiamento de Eventos (Bepe), Barcelona e [&hellip;]<\/p>\n","protected":false},"author":2,"featured_media":13146,"comment_status":"closed","ping_status":"open","sticky":false,"template":"","format":"standard","meta":{"footnotes":""},"categories":[89],"tags":[],"class_list":["post-13145","post","type-post","status-publish","format-standard","has-post-thumbnail","hentry","category-esportes"],"_links":{"self":[{"href":"https:\/\/diabahia.com.br\/index.php\/wp-json\/wp\/v2\/posts\/13145","targetHints":{"allow":["GET"]}}],"collection":[{"href":"https:\/\/diabahia.com.br\/index.php\/wp-json\/wp\/v2\/posts"}],"about":[{"href":"https:\/\/diabahia.com.br\/index.php\/wp-json\/wp\/v2\/types\/post"}],"author":[{"embeddable":true,"href":"https:\/\/diabahia.com.br\/index.php\/wp-json\/wp\/v2\/users\/2"}],"replies":[{"embeddable":true,"href":"https:\/\/diabahia.com.br\/index.php\/wp-json\/wp\/v2\/comments?post=13145"}],"version-history":[{"count":0,"href":"https:\/\/diabahia.com.br\/index.php\/wp-json\/wp\/v2\/posts\/13145\/revisions"}],"wp:featuredmedia":[{"embeddable":true,"href":"https:\/\/diabahia.com.br\/index.php\/wp-json\/wp\/v2\/media\/13146"}],"wp:attachment":[{"href":"https:\/\/diabahia.com.br\/index.php\/wp-json\/wp\/v2\/media?parent=13145"}],"wp:term":[{"taxonomy":"category","embeddable":true,"href":"https:\/\/diabahia.com.br\/index.php\/wp-json\/wp\/v2\/categories?post=13145"},{"taxonomy":"post_tag","embeddable":true,"href":"https:\/\/diabahia.com.br\/index.php\/wp-json\/wp\/v2\/tags?post=13145"}],"curies":[{"name":"wp","href":"https:\/\/api.w.org\/{rel}","templated":true}]}}