{"id":13111,"date":"2025-02-06T11:20:08","date_gmt":"2025-02-06T14:20:08","guid":{"rendered":"https:\/\/diabahia.com.br\/?p=13111"},"modified":"2025-02-06T11:20:09","modified_gmt":"2025-02-06T14:20:09","slug":"lula-afirma-que-ganhara-de-bolsonaro-novamente-em-2026-caso-ex-presidente-se-candidate","status":"publish","type":"post","link":"https:\/\/diabahia.com.br\/index.php\/2025\/02\/06\/lula-afirma-que-ganhara-de-bolsonaro-novamente-em-2026-caso-ex-presidente-se-candidate\/","title":{"rendered":"Lula afirma que ganhar\u00e1 de Bolsonaro novamente em 2026 caso ex-presidente se candidate"},"content":{"rendered":"\n<p>O presidente Luiz In\u00e1cio Lula da Silva declarou nesta quarta-feira (5), que, caso a Justi\u00e7a permita que o ex-presidente Jair Bolsonaro concorra \u00e0 Presid\u00eancia em 2026, ele estar\u00e1 disposto a enfrent\u00e1-lo novamente. Em entrevista a r\u00e1dios de Minas Gerais, Lula afirmou: &#8220;Se a Justi\u00e7a entender que ele pode concorrer, ele vai concorrer. Mas, se for comigo, vai perder outra vez.&#8221; A declara\u00e7\u00e3o reflete a confian\u00e7a do atual chefe do Executivo em sua reelei\u00e7\u00e3o, destacando a import\u00e2ncia do julgamento judicial que decidir\u00e1 a inelegibilidade de Bolsonaro.<\/p>\n\n\n\n<p>Bolsonaro foi condenado pelo Tribunal Superior Eleitoral (TSE) por disseminar informa\u00e7\u00f5es falsas sobre o sistema eleitoral durante uma reuni\u00e3o com embaixadores, tornando-o ineleg\u00edvel por oito anos. No entanto, h\u00e1 discuss\u00f5es no Congresso Nacional sobre a possibilidade de reverter essa inelegibilidade. Lula criticou duramente a ideia de anistia para os envolvidos nos atos de 8 de janeiro, afirmando que &#8220;quem tentou dar um golpe e articulou a morte do presidente, vice e presidente do TSE n\u00e3o merece absolvi\u00e7\u00e3o.&#8221;<\/p>\n\n\n\n<p>A declara\u00e7\u00e3o de Lula tamb\u00e9m vem em um momento de queda na aprova\u00e7\u00e3o de seu governo, conforme mostram as pesquisas recentes. A aprova\u00e7\u00e3o do presidente recuou cinco pontos, passando de 52% para 47%, com a desaprova\u00e7\u00e3o subindo para 49%. Lula atribui essa queda \u00e0 frustra\u00e7\u00e3o com promessas n\u00e3o cumpridas e \u00e0 crise envolvendo o Pix e o aumento dos pre\u00e7os dos alimentos. Mesmo assim, o presidente mant\u00e9m uma postura firme e confiante em rela\u00e7\u00e3o \u00e0 elei\u00e7\u00e3o de 2026.<\/p>\n\n\n\n<p>Fonte: Varela Net <\/p>\n","protected":false},"excerpt":{"rendered":"<p>O presidente Luiz In\u00e1cio Lula da Silva declarou nesta quarta-feira (5), que, caso a Justi\u00e7a permita que o ex-presidente Jair Bolsonaro concorra \u00e0 Presid\u00eancia em 2026, ele estar\u00e1 disposto a enfrent\u00e1-lo novamente. Em entrevista a r\u00e1dios de Minas Gerais, Lula afirmou: &#8220;Se a Justi\u00e7a entender que ele pode concorrer, ele vai concorrer. Mas, se for [&hellip;]<\/p>\n","protected":false},"author":2,"featured_media":13112,"comment_status":"closed","ping_status":"open","sticky":false,"template":"","format":"standard","meta":{"footnotes":""},"categories":[91],"tags":[],"class_list":["post-13111","post","type-post","status-publish","format-standard","has-post-thumbnail","hentry","category-politica"],"_links":{"self":[{"href":"https:\/\/diabahia.com.br\/index.php\/wp-json\/wp\/v2\/posts\/13111","targetHints":{"allow":["GET"]}}],"collection":[{"href":"https:\/\/diabahia.com.br\/index.php\/wp-json\/wp\/v2\/posts"}],"about":[{"href":"https:\/\/diabahia.com.br\/index.php\/wp-json\/wp\/v2\/types\/post"}],"author":[{"embeddable":true,"href":"https:\/\/diabahia.com.br\/index.php\/wp-json\/wp\/v2\/users\/2"}],"replies":[{"embeddable":true,"href":"https:\/\/diabahia.com.br\/index.php\/wp-json\/wp\/v2\/comments?post=13111"}],"version-history":[{"count":0,"href":"https:\/\/diabahia.com.br\/index.php\/wp-json\/wp\/v2\/posts\/13111\/revisions"}],"wp:featuredmedia":[{"embeddable":true,"href":"https:\/\/diabahia.com.br\/index.php\/wp-json\/wp\/v2\/media\/13112"}],"wp:attachment":[{"href":"https:\/\/diabahia.com.br\/index.php\/wp-json\/wp\/v2\/media?parent=13111"}],"wp:term":[{"taxonomy":"category","embeddable":true,"href":"https:\/\/diabahia.com.br\/index.php\/wp-json\/wp\/v2\/categories?post=13111"},{"taxonomy":"post_tag","embeddable":true,"href":"https:\/\/diabahia.com.br\/index.php\/wp-json\/wp\/v2\/tags?post=13111"}],"curies":[{"name":"wp","href":"https:\/\/api.w.org\/{rel}","templated":true}]}}