{"id":13083,"date":"2025-02-05T14:33:32","date_gmt":"2025-02-05T17:33:32","guid":{"rendered":"https:\/\/diabahia.com.br\/?p=13083"},"modified":"2025-02-05T14:33:34","modified_gmt":"2025-02-05T17:33:34","slug":"lula-desaprova-possivel-anistia-aos-reus-dos-atos-de-8-de-janeiro","status":"publish","type":"post","link":"https:\/\/diabahia.com.br\/index.php\/2025\/02\/05\/lula-desaprova-possivel-anistia-aos-reus-dos-atos-de-8-de-janeiro\/","title":{"rendered":"Lula desaprova poss\u00edvel anistia aos r\u00e9us dos atos de 8 de Janeiro"},"content":{"rendered":"\n<p>O presidente Luiz In\u00e1cio Lula da Silva (PT) criticou os&nbsp;pedidos de anistia aos r\u00e9us pelos atos de 8 de Janeiro. Lula afirmou que, \u201cquando as pessoas n\u00e3o foram condenadas e est\u00e3o pedindo anistia, \u00e9 porque as pessoas est\u00e3o se condenando\u201d. A informa\u00e7\u00e3o \u00e9 da CNN Brasil.<\/p>\n\n\n\n<p>\u201cNem terminou o processo e as pessoas j\u00e1 querem anistia. Ou seja, elas n\u00e3o acreditam que s\u00e3o inocentes. Elas deveriam acreditar que s\u00e3o inocentes e n\u00e3o ficar pedindo anistia antes de o juiz determinar qual ser\u00e1 a puni\u00e7\u00e3o ou se haver\u00e1 puni\u00e7\u00e3o\u201d, disse Lula durante entrevista a r\u00e1dios mineiras.<\/p>\n\n\n\n<p>Deputados de oposi\u00e7\u00e3o ao governo tentam articular a vota\u00e7\u00e3o de um projeto de lei, que tem, como objetivo, conceder anistia \u00e0s pessoas investigadas por participarem dos atos de 8 de janeiro de 2023. <\/p>\n\n\n\n<p>O presidente da C\u00e2mara dos Deputados, Hugo Motta (Republicanos-PB), afirmou ainda que n\u00e3o h\u00e1 uma decis\u00e3o tomada sobre pautar esse projeto.<\/p>\n\n\n\n<p>\u201cN\u00f3s vamos procurar tratar esse assunto com muito cuidado, n\u00e3o h\u00e1 uma decis\u00e3o tomada sobre pautar ou n\u00e3o pautar, n\u00f3s vamos ouvir esses partidos\u201d, conclui. Integrantes da oposi\u00e7\u00e3o tamb\u00e9m j\u00e1 sinalizaram que ir\u00e3o cobrar apoio do novo presidente da Casa para avan\u00e7ar na proposta. O tema divide a Casa.<\/p>\n\n\n\n<p>J\u00e1 enquanto a base aliada do governo pretende barrar o avan\u00e7o do texto, a oposi\u00e7\u00e3o quer a aprova\u00e7\u00e3o do projeto com mudan\u00e7as, para que o perd\u00e3o se estenda ao ex-presidente Jair Bolsonaro (PL) e ele retome os direitos pol\u00edticos e a elegibilidade.<\/p>\n\n\n\n<p>Fonte: A Tarde <\/p>\n","protected":false},"excerpt":{"rendered":"<p>O presidente Luiz In\u00e1cio Lula da Silva (PT) criticou os&nbsp;pedidos de anistia aos r\u00e9us pelos atos de 8 de Janeiro. Lula afirmou que, \u201cquando as pessoas n\u00e3o foram condenadas e est\u00e3o pedindo anistia, \u00e9 porque as pessoas est\u00e3o se condenando\u201d. A informa\u00e7\u00e3o \u00e9 da CNN Brasil. \u201cNem terminou o processo e as pessoas j\u00e1 querem [&hellip;]<\/p>\n","protected":false},"author":2,"featured_media":13084,"comment_status":"closed","ping_status":"open","sticky":false,"template":"","format":"standard","meta":{"footnotes":""},"categories":[91],"tags":[],"class_list":["post-13083","post","type-post","status-publish","format-standard","has-post-thumbnail","hentry","category-politica"],"_links":{"self":[{"href":"https:\/\/diabahia.com.br\/index.php\/wp-json\/wp\/v2\/posts\/13083","targetHints":{"allow":["GET"]}}],"collection":[{"href":"https:\/\/diabahia.com.br\/index.php\/wp-json\/wp\/v2\/posts"}],"about":[{"href":"https:\/\/diabahia.com.br\/index.php\/wp-json\/wp\/v2\/types\/post"}],"author":[{"embeddable":true,"href":"https:\/\/diabahia.com.br\/index.php\/wp-json\/wp\/v2\/users\/2"}],"replies":[{"embeddable":true,"href":"https:\/\/diabahia.com.br\/index.php\/wp-json\/wp\/v2\/comments?post=13083"}],"version-history":[{"count":0,"href":"https:\/\/diabahia.com.br\/index.php\/wp-json\/wp\/v2\/posts\/13083\/revisions"}],"wp:featuredmedia":[{"embeddable":true,"href":"https:\/\/diabahia.com.br\/index.php\/wp-json\/wp\/v2\/media\/13084"}],"wp:attachment":[{"href":"https:\/\/diabahia.com.br\/index.php\/wp-json\/wp\/v2\/media?parent=13083"}],"wp:term":[{"taxonomy":"category","embeddable":true,"href":"https:\/\/diabahia.com.br\/index.php\/wp-json\/wp\/v2\/categories?post=13083"},{"taxonomy":"post_tag","embeddable":true,"href":"https:\/\/diabahia.com.br\/index.php\/wp-json\/wp\/v2\/tags?post=13083"}],"curies":[{"name":"wp","href":"https:\/\/api.w.org\/{rel}","templated":true}]}}