{"id":13065,"date":"2025-02-05T10:37:27","date_gmt":"2025-02-05T13:37:27","guid":{"rendered":"https:\/\/diabahia.com.br\/?p=13065"},"modified":"2025-02-05T10:37:29","modified_gmt":"2025-02-05T13:37:29","slug":"sidninho-anuncia-saida-do-pp-e-faz-critica-sobre-suposta-aproximacao-do-partido-com-jeronimo","status":"publish","type":"post","link":"https:\/\/diabahia.com.br\/index.php\/2025\/02\/05\/sidninho-anuncia-saida-do-pp-e-faz-critica-sobre-suposta-aproximacao-do-partido-com-jeronimo\/","title":{"rendered":"Sidninho anuncia sa\u00edda do PP e faz cr\u00edtica sobre suposta aproxima\u00e7\u00e3o do partido com Jer\u00f4nimo"},"content":{"rendered":"\n<p>Nesta ter\u00e7a-feira (4), o vereador Sidney Carlos Mangabeira, mais conhecido como Sidninho, anunciou sua sa\u00edda do Partido Progressista (PP) durante uma sess\u00e3o plen\u00e1ria na C\u00e2mara Municipal de Salvador. Em seu discurso, Sidninho afirmou que a decis\u00e3o foi motivada por &#8220;promessas falsas&#8221; feitas pelo partido e pela aproxima\u00e7\u00e3o do PP com o governador Jer\u00f4nimo Rodrigues.<\/p>\n\n\n\n<p>Sidninho destacou que a insatisfa\u00e7\u00e3o \u00e9 majoritariamente partid\u00e1ria e que ele n\u00e3o pretende mais fazer parte do movimento pr\u00f3-Jer\u00f4nimo. &#8220;Estou fora desse movimento pr\u00f3-Jer\u00f4nimo e nunca pretenderei voltar para aquela base, que n\u00e3o tem qualquer tipo de respeito a Salvador, nem ao Legislativo Municipal, nem aos vereadores&#8221;, declarou o vereador.<\/p>\n\n\n\n<p>O presidente municipal do PP, Cac\u00e1 Le\u00e3o, respondeu as declara\u00e7\u00f5es de Sidninho reafirmando o compromisso do partido com a gest\u00e3o do prefeito Bruno Reis e destacando o di\u00e1logo cont\u00ednuo com os legisladores. &#8220;A gente n\u00e3o pode ser dono de ningu\u00e9m, do desejo, da vontade de ningu\u00e9m. Agora a gente sabe que a gente tem uma legisla\u00e7\u00e3o vigente, uma legisla\u00e7\u00e3o eleitoral vigente, e quem quiser contrariar vai ter que sofrer as consequ\u00eancias das suas posi\u00e7\u00f5es&#8221;, disse Cac\u00e1.<\/p>\n\n\n\n<p>Fonte: Varela Net <\/p>\n","protected":false},"excerpt":{"rendered":"<p>Nesta ter\u00e7a-feira (4), o vereador Sidney Carlos Mangabeira, mais conhecido como Sidninho, anunciou sua sa\u00edda do Partido Progressista (PP) durante uma sess\u00e3o plen\u00e1ria na C\u00e2mara Municipal de Salvador. Em seu discurso, Sidninho afirmou que a decis\u00e3o foi motivada por &#8220;promessas falsas&#8221; feitas pelo partido e pela aproxima\u00e7\u00e3o do PP com o governador Jer\u00f4nimo Rodrigues. Sidninho [&hellip;]<\/p>\n","protected":false},"author":2,"featured_media":13066,"comment_status":"closed","ping_status":"open","sticky":false,"template":"","format":"standard","meta":{"footnotes":""},"categories":[91],"tags":[],"class_list":["post-13065","post","type-post","status-publish","format-standard","has-post-thumbnail","hentry","category-politica"],"_links":{"self":[{"href":"https:\/\/diabahia.com.br\/index.php\/wp-json\/wp\/v2\/posts\/13065","targetHints":{"allow":["GET"]}}],"collection":[{"href":"https:\/\/diabahia.com.br\/index.php\/wp-json\/wp\/v2\/posts"}],"about":[{"href":"https:\/\/diabahia.com.br\/index.php\/wp-json\/wp\/v2\/types\/post"}],"author":[{"embeddable":true,"href":"https:\/\/diabahia.com.br\/index.php\/wp-json\/wp\/v2\/users\/2"}],"replies":[{"embeddable":true,"href":"https:\/\/diabahia.com.br\/index.php\/wp-json\/wp\/v2\/comments?post=13065"}],"version-history":[{"count":0,"href":"https:\/\/diabahia.com.br\/index.php\/wp-json\/wp\/v2\/posts\/13065\/revisions"}],"wp:featuredmedia":[{"embeddable":true,"href":"https:\/\/diabahia.com.br\/index.php\/wp-json\/wp\/v2\/media\/13066"}],"wp:attachment":[{"href":"https:\/\/diabahia.com.br\/index.php\/wp-json\/wp\/v2\/media?parent=13065"}],"wp:term":[{"taxonomy":"category","embeddable":true,"href":"https:\/\/diabahia.com.br\/index.php\/wp-json\/wp\/v2\/categories?post=13065"},{"taxonomy":"post_tag","embeddable":true,"href":"https:\/\/diabahia.com.br\/index.php\/wp-json\/wp\/v2\/tags?post=13065"}],"curies":[{"name":"wp","href":"https:\/\/api.w.org\/{rel}","templated":true}]}}