{"id":13062,"date":"2025-02-05T10:31:11","date_gmt":"2025-02-05T13:31:11","guid":{"rendered":"https:\/\/diabahia.com.br\/?p=13062"},"modified":"2025-02-05T10:31:12","modified_gmt":"2025-02-05T13:31:12","slug":"em-aniversario-neymar-junior-estreara-novamente-pelo-santos-nesse-dia-5","status":"publish","type":"post","link":"https:\/\/diabahia.com.br\/index.php\/2025\/02\/05\/em-aniversario-neymar-junior-estreara-novamente-pelo-santos-nesse-dia-5\/","title":{"rendered":"Em anivers\u00e1rio, Neymar Junior estrear\u00e1 novamente pelo Santos nesse dia 5"},"content":{"rendered":"\n<p>Neymar J\u00fanior \u00e9 a contrata\u00e7\u00e3o mais badalada da temporada e chamar\u00e1 aten\u00e7\u00e3o de todos sobre o que quer que aconte\u00e7a nessa volta dele ao Santos. J\u00e1 oficializado no Boletim Informativo Di\u00e1rio (BID), o craque entrar\u00e1 em campo, hoje, quarta-feira (05).<\/p>\n\n\n\n<p>&nbsp;Em seu anivers\u00e1rio, nada melhor do que voltar a sua casa. Em partida valida pela s\u00e9tima rodada, do campeonato paulista, o Santos recebe o Botafogo &#8211; SP, em sua casa, Vila Belmiro, com todos os ingressos esgotados, a promessa \u00e9 de casa cheia. O t\u00e9cnico Pedro Caixinha j\u00e1 confirmou que o camisa 10 estar\u00e1 em campo, e \u00e9 prov\u00e1vel que Neymar entre no segundo tempo, jogando pelo menos 30 minutos.<\/p>\n\n\n\n<p>&nbsp;A presen\u00e7a do jogador \u00e9 uma grande expectativa para a torcida santista, que aguarda ansiosamente o retorno do \u00eddolo ao futebol brasileiro. E n\u00e3o s\u00f3 dela, o pr\u00f3prio jogador afirmou em sua apresenta\u00e7\u00e3o que se dependesse dele, j\u00e1 iria participar do cl\u00e1ssico Sans\u00e3o (Santos x S\u00e3o Paulo), um dia ap\u00f3s sua apresenta\u00e7\u00e3o.&nbsp;<\/p>\n\n\n\n<p>&nbsp;O jogo ter\u00e1 transmiss\u00e3o da TNT, Max, CazeTV e Record. O Santos vem embalado para manter a sequ\u00eancia de vit\u00f3rias que iniciou depois do cl\u00e1ssico Sans\u00e3o e o Botafogo &#8211; SP chega para a s\u00e9tima rodada ainda em busca de sua primeira vit\u00f3ria.&nbsp;<\/p>\n\n\n\n<p>Fonte: Varela Net <\/p>\n","protected":false},"excerpt":{"rendered":"<p>Neymar J\u00fanior \u00e9 a contrata\u00e7\u00e3o mais badalada da temporada e chamar\u00e1 aten\u00e7\u00e3o de todos sobre o que quer que aconte\u00e7a nessa volta dele ao Santos. J\u00e1 oficializado no Boletim Informativo Di\u00e1rio (BID), o craque entrar\u00e1 em campo, hoje, quarta-feira (05). &nbsp;Em seu anivers\u00e1rio, nada melhor do que voltar a sua casa. Em partida valida pela [&hellip;]<\/p>\n","protected":false},"author":2,"featured_media":13063,"comment_status":"closed","ping_status":"open","sticky":false,"template":"","format":"standard","meta":{"footnotes":""},"categories":[89],"tags":[],"class_list":["post-13062","post","type-post","status-publish","format-standard","has-post-thumbnail","hentry","category-esportes"],"_links":{"self":[{"href":"https:\/\/diabahia.com.br\/index.php\/wp-json\/wp\/v2\/posts\/13062","targetHints":{"allow":["GET"]}}],"collection":[{"href":"https:\/\/diabahia.com.br\/index.php\/wp-json\/wp\/v2\/posts"}],"about":[{"href":"https:\/\/diabahia.com.br\/index.php\/wp-json\/wp\/v2\/types\/post"}],"author":[{"embeddable":true,"href":"https:\/\/diabahia.com.br\/index.php\/wp-json\/wp\/v2\/users\/2"}],"replies":[{"embeddable":true,"href":"https:\/\/diabahia.com.br\/index.php\/wp-json\/wp\/v2\/comments?post=13062"}],"version-history":[{"count":0,"href":"https:\/\/diabahia.com.br\/index.php\/wp-json\/wp\/v2\/posts\/13062\/revisions"}],"wp:featuredmedia":[{"embeddable":true,"href":"https:\/\/diabahia.com.br\/index.php\/wp-json\/wp\/v2\/media\/13063"}],"wp:attachment":[{"href":"https:\/\/diabahia.com.br\/index.php\/wp-json\/wp\/v2\/media?parent=13062"}],"wp:term":[{"taxonomy":"category","embeddable":true,"href":"https:\/\/diabahia.com.br\/index.php\/wp-json\/wp\/v2\/categories?post=13062"},{"taxonomy":"post_tag","embeddable":true,"href":"https:\/\/diabahia.com.br\/index.php\/wp-json\/wp\/v2\/tags?post=13062"}],"curies":[{"name":"wp","href":"https:\/\/api.w.org\/{rel}","templated":true}]}}