{"id":12965,"date":"2025-01-24T12:31:50","date_gmt":"2025-01-24T15:31:50","guid":{"rendered":"https:\/\/diabahia.com.br\/?p=12965"},"modified":"2025-01-24T12:31:50","modified_gmt":"2025-01-24T15:31:50","slug":"festival-do-parque-confira-as-atracoes-do-ultimo-fim-de-semana-da-edicao-2025","status":"publish","type":"post","link":"https:\/\/diabahia.com.br\/index.php\/2025\/01\/24\/festival-do-parque-confira-as-atracoes-do-ultimo-fim-de-semana-da-edicao-2025\/","title":{"rendered":"Festival do Parque: confira as atra\u00e7\u00f5es do \u00faltimo fim de semana da edi\u00e7\u00e3o 2025"},"content":{"rendered":"\n<p>O Festival do Parque chega ao \u00faltimo fim de semana de sua edi\u00e7\u00e3o ampliada em 2025. Al\u00e9m da programa\u00e7\u00e3o musical, o evento conta com pra\u00e7a de alimenta\u00e7\u00e3o, feira de artesanato e atividades culturais voltadas para todas as idades. &nbsp;<\/p>\n\n\n\n<p>A programa\u00e7\u00e3o de s\u00e1bado (25) come\u00e7a \u00e0s 9h, com leitura de hist\u00f3rias para crian\u00e7as. \u00c0s 10h, o grupo cultural Betho se apresenta, seguido da banda Autorais, \u00e0s 11h30. Formada por Jorge Zarath, Tonho Mat\u00e9ria e Tenison del Rey, a banda celebra os 40 anos do Ax\u00e9 Music com um repert\u00f3rio repleto de grandes sucessos. \u00c0s 13h30, \u00e9 a vez da banda Pra Casar. Com cl\u00e1ssicos que marcaram a hist\u00f3ria da m\u00fasica baiana e do Ax\u00e9, o show de M\u00e1rcia Freire, \u00e0s 15h30, \u00e9 o destaque e fecha o dia.<\/p>\n\n\n\n<p>No domingo (26), as atividades come\u00e7am \u00e0s 9h, com o animador Tio Paulinho. \u00c0s 10h, o cantor Thiago Aquino sobe ao palco com um repert\u00f3rio que inclui sucessos do DVD gravado em S\u00e3o Paulo e do projeto &#8220;Serest\u00e3o do Aquino&#8221;. Ao meio-dia, a banda Mamacita assume a programa\u00e7\u00e3o. O encerramento do festival, \u00e0s 15h, ficar\u00e1 por conta do Bailinho de Quinta, que promete transformar o Parque da Cidade em um grande baile carnavalesco com cl\u00e1ssicos do Carnaval. &nbsp;<\/p>\n\n\n\n<p>O Festival do Parque \u00e9 produzido por M\u00e1rcia Mamede e conta com patroc\u00ednio do Governo do Estado da Bahia, por meio do Fazcultura, Secretaria da Fazenda e Secretaria de Cultura do Estado da Bahia, al\u00e9m da Prefeitura Municipal de Salvador, atrav\u00e9s do programa Viva Cultura.<\/p>\n\n\n\n<p>Fonte: Varela Net<\/p>\n","protected":false},"excerpt":{"rendered":"<p>O Festival do Parque chega ao \u00faltimo fim de semana de sua edi\u00e7\u00e3o ampliada em 2025. Al\u00e9m da programa\u00e7\u00e3o musical, o evento conta com pra\u00e7a de alimenta\u00e7\u00e3o, feira de artesanato e atividades culturais voltadas para todas as idades. &nbsp; A programa\u00e7\u00e3o de s\u00e1bado (25) come\u00e7a \u00e0s 9h, com leitura de hist\u00f3rias para crian\u00e7as. \u00c0s 10h, [&hellip;]<\/p>\n","protected":false},"author":2,"featured_media":12964,"comment_status":"closed","ping_status":"open","sticky":false,"template":"","format":"standard","meta":{"footnotes":""},"categories":[85],"tags":[],"class_list":["post-12965","post","type-post","status-publish","format-standard","has-post-thumbnail","hentry","category-noticias"],"_links":{"self":[{"href":"https:\/\/diabahia.com.br\/index.php\/wp-json\/wp\/v2\/posts\/12965","targetHints":{"allow":["GET"]}}],"collection":[{"href":"https:\/\/diabahia.com.br\/index.php\/wp-json\/wp\/v2\/posts"}],"about":[{"href":"https:\/\/diabahia.com.br\/index.php\/wp-json\/wp\/v2\/types\/post"}],"author":[{"embeddable":true,"href":"https:\/\/diabahia.com.br\/index.php\/wp-json\/wp\/v2\/users\/2"}],"replies":[{"embeddable":true,"href":"https:\/\/diabahia.com.br\/index.php\/wp-json\/wp\/v2\/comments?post=12965"}],"version-history":[{"count":0,"href":"https:\/\/diabahia.com.br\/index.php\/wp-json\/wp\/v2\/posts\/12965\/revisions"}],"wp:featuredmedia":[{"embeddable":true,"href":"https:\/\/diabahia.com.br\/index.php\/wp-json\/wp\/v2\/media\/12964"}],"wp:attachment":[{"href":"https:\/\/diabahia.com.br\/index.php\/wp-json\/wp\/v2\/media?parent=12965"}],"wp:term":[{"taxonomy":"category","embeddable":true,"href":"https:\/\/diabahia.com.br\/index.php\/wp-json\/wp\/v2\/categories?post=12965"},{"taxonomy":"post_tag","embeddable":true,"href":"https:\/\/diabahia.com.br\/index.php\/wp-json\/wp\/v2\/tags?post=12965"}],"curies":[{"name":"wp","href":"https:\/\/api.w.org\/{rel}","templated":true}]}}