{"id":12962,"date":"2025-01-21T17:41:54","date_gmt":"2025-01-21T20:41:54","guid":{"rendered":"https:\/\/diabahia.com.br\/?p=12962"},"modified":"2025-01-21T17:41:54","modified_gmt":"2025-01-21T20:41:54","slug":"vitoria-e-itabuna-renovam-acordo-de-emprestimo-de-jogadores","status":"publish","type":"post","link":"https:\/\/diabahia.com.br\/index.php\/2025\/01\/21\/vitoria-e-itabuna-renovam-acordo-de-emprestimo-de-jogadores\/","title":{"rendered":"Vit\u00f3ria e Itabuna &#8216;renovam&#8217; acordo de empr\u00e9stimo de jogadores"},"content":{"rendered":"\n<p>Ap\u00f3s o sucesso da parceria em 2024, Vit\u00f3ria e Itabuna continuar\u00e3o trabalhando juntos na temporada 2025. A confirma\u00e7\u00e3o veio nesta segunda-feira (20), ap\u00f3s reuni\u00e3o no Barrad\u00e3o entre os presidentes F\u00e1bio Mota e Ricardo Xavier, e o diretor Thiago Noronha. A colabora\u00e7\u00e3o inclui a cria\u00e7\u00e3o de um n\u00facleo das divis\u00f5es de base do Vit\u00f3ria nas instala\u00e7\u00f5es do Itabuna, com jogadores sendo cedidos ao clube que disputar\u00e1 a S\u00e9rie B do Campeonato Baiano.<\/p>\n\n\n\n<p>Vale destacar que o Itabuna passou por dificuldades em 2024, terminando com a pior campanha do Baian\u00e3o e sendo rebaixado junto com o Bahia de Feira. Ap\u00f3s a sa\u00edda do principal investidor, o Grupo Amoedo, o clube corria risco de n\u00e3o disputar a segundona estadual. Contudo, gra\u00e7as \u00e0 parceria com o Vit\u00f3ria, o Itabuna fez uma boa campanha na S\u00e9rie D do Campeonato Brasileiro, chegando \u00e0 fase eliminat\u00f3ria.<\/p>\n\n\n\n<p>A parceria fortalece ambos os clubes, permitindo que o Itabuna se recupere e que o Vit\u00f3ria contribua com o desenvolvimento de talentos. Essa colabora\u00e7\u00e3o \u00e9 um exemplo de como a uni\u00e3o entre clubes pode gerar resultados positivos e sustentar o crescimento do futebol baiano.<\/p>\n\n\n\n<p>Fonte: Varela Net<\/p>\n","protected":false},"excerpt":{"rendered":"<p>Ap\u00f3s o sucesso da parceria em 2024, Vit\u00f3ria e Itabuna continuar\u00e3o trabalhando juntos na temporada 2025. A confirma\u00e7\u00e3o veio nesta segunda-feira (20), ap\u00f3s reuni\u00e3o no Barrad\u00e3o entre os presidentes F\u00e1bio Mota e Ricardo Xavier, e o diretor Thiago Noronha. A colabora\u00e7\u00e3o inclui a cria\u00e7\u00e3o de um n\u00facleo das divis\u00f5es de base do Vit\u00f3ria nas instala\u00e7\u00f5es [&hellip;]<\/p>\n","protected":false},"author":2,"featured_media":12961,"comment_status":"closed","ping_status":"open","sticky":false,"template":"","format":"standard","meta":{"footnotes":""},"categories":[89],"tags":[],"class_list":["post-12962","post","type-post","status-publish","format-standard","has-post-thumbnail","hentry","category-esportes"],"_links":{"self":[{"href":"https:\/\/diabahia.com.br\/index.php\/wp-json\/wp\/v2\/posts\/12962","targetHints":{"allow":["GET"]}}],"collection":[{"href":"https:\/\/diabahia.com.br\/index.php\/wp-json\/wp\/v2\/posts"}],"about":[{"href":"https:\/\/diabahia.com.br\/index.php\/wp-json\/wp\/v2\/types\/post"}],"author":[{"embeddable":true,"href":"https:\/\/diabahia.com.br\/index.php\/wp-json\/wp\/v2\/users\/2"}],"replies":[{"embeddable":true,"href":"https:\/\/diabahia.com.br\/index.php\/wp-json\/wp\/v2\/comments?post=12962"}],"version-history":[{"count":0,"href":"https:\/\/diabahia.com.br\/index.php\/wp-json\/wp\/v2\/posts\/12962\/revisions"}],"wp:featuredmedia":[{"embeddable":true,"href":"https:\/\/diabahia.com.br\/index.php\/wp-json\/wp\/v2\/media\/12961"}],"wp:attachment":[{"href":"https:\/\/diabahia.com.br\/index.php\/wp-json\/wp\/v2\/media?parent=12962"}],"wp:term":[{"taxonomy":"category","embeddable":true,"href":"https:\/\/diabahia.com.br\/index.php\/wp-json\/wp\/v2\/categories?post=12962"},{"taxonomy":"post_tag","embeddable":true,"href":"https:\/\/diabahia.com.br\/index.php\/wp-json\/wp\/v2\/tags?post=12962"}],"curies":[{"name":"wp","href":"https:\/\/api.w.org\/{rel}","templated":true}]}}