{"id":12956,"date":"2025-01-20T11:54:26","date_gmt":"2025-01-20T14:54:26","guid":{"rendered":"https:\/\/diabahia.com.br\/?p=12956"},"modified":"2025-01-20T11:54:26","modified_gmt":"2025-01-20T14:54:26","slug":"governo-anuncia-investimento-de-r-15-milhao-para-a-saude-na-bahia","status":"publish","type":"post","link":"https:\/\/diabahia.com.br\/index.php\/2025\/01\/20\/governo-anuncia-investimento-de-r-15-milhao-para-a-saude-na-bahia\/","title":{"rendered":"Governo anuncia investimento de R$ 1,5 milh\u00e3o para a sa\u00fade na Bahia"},"content":{"rendered":"\n<p>A Secretaria da Sa\u00fade do Estado (Sesab) anunciou o investimento de R$ 1,5 milh\u00e3o em equipamentos para a cidade de Paulo Afonso. O ato de entrega dos equipamentos foi realizado nesta segunda-feira (13), durante reuni\u00e3o do governador Jer\u00f4nimo Rodrigues com a secret\u00e1ria de sa\u00fade Roberta Santana.<\/p>\n\n\n\n<p>O munic\u00edpio vai receber duas ambul\u00e2ncias, uma van para Tratamento Fora do Domic\u00edlio (TFD), um ve\u00edculo administrativo, al\u00e9m de equipamentos hospitalares como monitores multiparam\u00e9tricos, autoclave, eletrocardi\u00f3grafo port\u00e1til, cama hospitalar e camas PPP (pr\u00e9-parto, parto, p\u00f3s-parto).<\/p>\n\n\n\n<p>A secret\u00e1ria Roberta Santana refor\u00e7ou a import\u00e2ncia do fortalecimento da assist\u00eancia \u00e0 sa\u00fade nos munic\u00edpios.&nbsp;<em>\u201cQuando h\u00e1 um trabalho em parceria, conseguimos qualificar ainda mais a sa\u00fade, dando maior resolutividade e beneficiando a popula\u00e7\u00e3o. N\u00e3o se caminha junto se n\u00e3o for Estado, munic\u00edpio e Uni\u00e3o\u201d.<\/em><\/p>\n\n\n\n<p>Fonte: Varela Net<\/p>\n","protected":false},"excerpt":{"rendered":"<p>A Secretaria da Sa\u00fade do Estado (Sesab) anunciou o investimento de R$ 1,5 milh\u00e3o em equipamentos para a cidade de Paulo Afonso. O ato de entrega dos equipamentos foi realizado nesta segunda-feira (13), durante reuni\u00e3o do governador Jer\u00f4nimo Rodrigues com a secret\u00e1ria de sa\u00fade Roberta Santana. O munic\u00edpio vai receber duas ambul\u00e2ncias, uma van para [&hellip;]<\/p>\n","protected":false},"author":2,"featured_media":12955,"comment_status":"closed","ping_status":"open","sticky":false,"template":"","format":"standard","meta":{"footnotes":""},"categories":[91],"tags":[],"class_list":["post-12956","post","type-post","status-publish","format-standard","has-post-thumbnail","hentry","category-politica"],"_links":{"self":[{"href":"https:\/\/diabahia.com.br\/index.php\/wp-json\/wp\/v2\/posts\/12956","targetHints":{"allow":["GET"]}}],"collection":[{"href":"https:\/\/diabahia.com.br\/index.php\/wp-json\/wp\/v2\/posts"}],"about":[{"href":"https:\/\/diabahia.com.br\/index.php\/wp-json\/wp\/v2\/types\/post"}],"author":[{"embeddable":true,"href":"https:\/\/diabahia.com.br\/index.php\/wp-json\/wp\/v2\/users\/2"}],"replies":[{"embeddable":true,"href":"https:\/\/diabahia.com.br\/index.php\/wp-json\/wp\/v2\/comments?post=12956"}],"version-history":[{"count":0,"href":"https:\/\/diabahia.com.br\/index.php\/wp-json\/wp\/v2\/posts\/12956\/revisions"}],"wp:featuredmedia":[{"embeddable":true,"href":"https:\/\/diabahia.com.br\/index.php\/wp-json\/wp\/v2\/media\/12955"}],"wp:attachment":[{"href":"https:\/\/diabahia.com.br\/index.php\/wp-json\/wp\/v2\/media?parent=12956"}],"wp:term":[{"taxonomy":"category","embeddable":true,"href":"https:\/\/diabahia.com.br\/index.php\/wp-json\/wp\/v2\/categories?post=12956"},{"taxonomy":"post_tag","embeddable":true,"href":"https:\/\/diabahia.com.br\/index.php\/wp-json\/wp\/v2\/tags?post=12956"}],"curies":[{"name":"wp","href":"https:\/\/api.w.org\/{rel}","templated":true}]}}