{"id":12944,"date":"2025-01-15T16:59:35","date_gmt":"2025-01-15T19:59:35","guid":{"rendered":"https:\/\/diabahia.com.br\/?p=12944"},"modified":"2025-01-15T16:59:35","modified_gmt":"2025-01-15T19:59:35","slug":"presidente-do-palmeiras-afirma-que-ira-processar-dudu-apos-xingamentos-nas-redes-sociais","status":"publish","type":"post","link":"https:\/\/diabahia.com.br\/index.php\/2025\/01\/15\/presidente-do-palmeiras-afirma-que-ira-processar-dudu-apos-xingamentos-nas-redes-sociais\/","title":{"rendered":"Presidente do Palmeiras afirma que ir\u00e1 processar Dudu ap\u00f3s xingamentos nas redes sociais"},"content":{"rendered":"\n<p>Ap\u00f3s declara\u00e7\u00f5es ofensivas em suas redes sociais, a presidenta do Palmeiras, Leila Pereira, decidiu processar o atacante Dudu, atualmente no Cruzeiro. Na \u00faltima segunda-feira (13), Dudu utilizou seu Instagram para xingar a mandat\u00e1ria, chamando-a de \u201cfalsa\u201d e utilizando palavr\u00f5es. As ofensas ocorreram ap\u00f3s Leila afirmar que o jogador deixou o Palmeiras pela &#8220;porta dos fundos&#8221; ao transferir-se para o Cruzeiro, causando um preju\u00edzo financeiro ao clube.<\/p>\n\n\n\n<p>Leila Pereira acionou seus advogados para tomar as medidas legais contra o jogador, classificando as declara\u00e7\u00f5es de Dudu como \u201cinaceit\u00e1veis, agressivas e machistas\u201d. A presidenta alega que nunca ofendeu o jogador, considerando a rea\u00e7\u00e3o dele desproporcional e desrespeitosa. A rela\u00e7\u00e3o entre ambos, que j\u00e1 era complicada, agravou-se com os ataques p\u00fablicos.<\/p>\n\n\n\n<p>O desentendimento ganhou um novo cap\u00edtulo nesta ter\u00e7a-feira (14) quando Dudu voltou a chamar a mandat\u00e1ria de falsa em suas redes sociais. O caso repercutiu ainda mais com a participa\u00e7\u00e3o de Paula Campos, esposa do jogador, que acusou Leila de ter um \u201cproblema pessoal\u201d com Dudu.<\/p>\n\n\n\n<p>A confus\u00e3o entre dois grandes nomes da hist\u00f3ria palmeirense tomou destaque no cen\u00e1rio esportivo, gerando debates acalorados sobre o comportamento dos envolvidos. Enquanto Leila Pereira busca repara\u00e7\u00e3o judicial, Dudu est\u00e1 nos Estados Unidos disputando um torneio amistoso com a camisa do Cruzeiro.<\/p>\n\n\n\n<p>fonte: Varela Net<\/p>\n","protected":false},"excerpt":{"rendered":"<p>Ap\u00f3s declara\u00e7\u00f5es ofensivas em suas redes sociais, a presidenta do Palmeiras, Leila Pereira, decidiu processar o atacante Dudu, atualmente no Cruzeiro. Na \u00faltima segunda-feira (13), Dudu utilizou seu Instagram para xingar a mandat\u00e1ria, chamando-a de \u201cfalsa\u201d e utilizando palavr\u00f5es. As ofensas ocorreram ap\u00f3s Leila afirmar que o jogador deixou o Palmeiras pela &#8220;porta dos fundos&#8221; [&hellip;]<\/p>\n","protected":false},"author":2,"featured_media":12943,"comment_status":"closed","ping_status":"open","sticky":false,"template":"","format":"standard","meta":{"footnotes":""},"categories":[89],"tags":[],"class_list":["post-12944","post","type-post","status-publish","format-standard","has-post-thumbnail","hentry","category-esportes"],"_links":{"self":[{"href":"https:\/\/diabahia.com.br\/index.php\/wp-json\/wp\/v2\/posts\/12944","targetHints":{"allow":["GET"]}}],"collection":[{"href":"https:\/\/diabahia.com.br\/index.php\/wp-json\/wp\/v2\/posts"}],"about":[{"href":"https:\/\/diabahia.com.br\/index.php\/wp-json\/wp\/v2\/types\/post"}],"author":[{"embeddable":true,"href":"https:\/\/diabahia.com.br\/index.php\/wp-json\/wp\/v2\/users\/2"}],"replies":[{"embeddable":true,"href":"https:\/\/diabahia.com.br\/index.php\/wp-json\/wp\/v2\/comments?post=12944"}],"version-history":[{"count":0,"href":"https:\/\/diabahia.com.br\/index.php\/wp-json\/wp\/v2\/posts\/12944\/revisions"}],"wp:featuredmedia":[{"embeddable":true,"href":"https:\/\/diabahia.com.br\/index.php\/wp-json\/wp\/v2\/media\/12943"}],"wp:attachment":[{"href":"https:\/\/diabahia.com.br\/index.php\/wp-json\/wp\/v2\/media?parent=12944"}],"wp:term":[{"taxonomy":"category","embeddable":true,"href":"https:\/\/diabahia.com.br\/index.php\/wp-json\/wp\/v2\/categories?post=12944"},{"taxonomy":"post_tag","embeddable":true,"href":"https:\/\/diabahia.com.br\/index.php\/wp-json\/wp\/v2\/tags?post=12944"}],"curies":[{"name":"wp","href":"https:\/\/api.w.org\/{rel}","templated":true}]}}