{"id":12935,"date":"2025-01-14T11:17:55","date_gmt":"2025-01-14T14:17:55","guid":{"rendered":"https:\/\/diabahia.com.br\/?p=12935"},"modified":"2025-01-14T11:17:55","modified_gmt":"2025-01-14T14:17:55","slug":"vitoria-apresenta-o-atacante-fabricio-nono-reforco-da-temporada-felicidade-imensa","status":"publish","type":"post","link":"https:\/\/diabahia.com.br\/index.php\/2025\/01\/14\/vitoria-apresenta-o-atacante-fabricio-nono-reforco-da-temporada-felicidade-imensa\/","title":{"rendered":"Vit\u00f3ria apresenta o atacante Fabr\u00edcio, nono refor\u00e7o da temporada: &#8216;Felicidade imensa&#8217;"},"content":{"rendered":"\n<p>O Vit\u00f3ria apresentou nesta segunda-feira (13), o seu nono refor\u00e7o para a temporada 2025. &nbsp;O atacante Fabr\u00edcio Santos chega ao Le\u00e3o da Barra com contrato at\u00e9 o fim de 2026. O atleta atuava no Levante, da segunda divis\u00e3o da Espanha. O Vit\u00f3ria desembolsou a quantia de 500 mil euros para contar com o jogador.<\/p>\n\n\n\n<p>Fabr\u00edcio retorna ao Brasil ap\u00f3s passar quase quatro anos na Europa. Em 2021, ele saiu do Gr\u00eamio para jogar no Celta de Vigo, da Espanha.<\/p>\n\n\n\n<p>O atacante afirmou estar feliz com sua volta ao Brasil.&nbsp;<em>&#8220;Passei quase quatro anos fora. Para mim, voltar ao Brasil e ao Vit\u00f3ria \u00e9 uma felicidade imensa. Tinha vontade j\u00e1 de voltar. E voltar para um clube do tamanho do Vit\u00f3ria \u00e9 s\u00f3 felicidade&#8221;,<\/em>&nbsp;disse.<\/p>\n\n\n\n<p>Fabr\u00edcio contou que j\u00e1 pretende atuar pela equipe ap\u00f3s sofrer com les\u00f5es nas temporadas passadas.&nbsp;<em>&#8220;Venho de uma temporada que comecei bem, mas sofri um pouco com les\u00f5es. Venho com sede e vontade de ajudar o time, para dar o m\u00e1ximo e ajudar da forma que for, com gols ou assist\u00eancias&#8221;,<\/em>afirmou.<\/p>\n\n\n\n<p>Fonte: Varela Net<\/p>\n","protected":false},"excerpt":{"rendered":"<p>O Vit\u00f3ria apresentou nesta segunda-feira (13), o seu nono refor\u00e7o para a temporada 2025. &nbsp;O atacante Fabr\u00edcio Santos chega ao Le\u00e3o da Barra com contrato at\u00e9 o fim de 2026. O atleta atuava no Levante, da segunda divis\u00e3o da Espanha. O Vit\u00f3ria desembolsou a quantia de 500 mil euros para contar com o jogador. Fabr\u00edcio [&hellip;]<\/p>\n","protected":false},"author":2,"featured_media":12934,"comment_status":"closed","ping_status":"open","sticky":false,"template":"","format":"standard","meta":{"footnotes":""},"categories":[89],"tags":[],"class_list":["post-12935","post","type-post","status-publish","format-standard","has-post-thumbnail","hentry","category-esportes"],"_links":{"self":[{"href":"https:\/\/diabahia.com.br\/index.php\/wp-json\/wp\/v2\/posts\/12935","targetHints":{"allow":["GET"]}}],"collection":[{"href":"https:\/\/diabahia.com.br\/index.php\/wp-json\/wp\/v2\/posts"}],"about":[{"href":"https:\/\/diabahia.com.br\/index.php\/wp-json\/wp\/v2\/types\/post"}],"author":[{"embeddable":true,"href":"https:\/\/diabahia.com.br\/index.php\/wp-json\/wp\/v2\/users\/2"}],"replies":[{"embeddable":true,"href":"https:\/\/diabahia.com.br\/index.php\/wp-json\/wp\/v2\/comments?post=12935"}],"version-history":[{"count":0,"href":"https:\/\/diabahia.com.br\/index.php\/wp-json\/wp\/v2\/posts\/12935\/revisions"}],"wp:featuredmedia":[{"embeddable":true,"href":"https:\/\/diabahia.com.br\/index.php\/wp-json\/wp\/v2\/media\/12934"}],"wp:attachment":[{"href":"https:\/\/diabahia.com.br\/index.php\/wp-json\/wp\/v2\/media?parent=12935"}],"wp:term":[{"taxonomy":"category","embeddable":true,"href":"https:\/\/diabahia.com.br\/index.php\/wp-json\/wp\/v2\/categories?post=12935"},{"taxonomy":"post_tag","embeddable":true,"href":"https:\/\/diabahia.com.br\/index.php\/wp-json\/wp\/v2\/tags?post=12935"}],"curies":[{"name":"wp","href":"https:\/\/api.w.org\/{rel}","templated":true}]}}