{"id":12926,"date":"2025-01-10T12:19:45","date_gmt":"2025-01-10T15:19:45","guid":{"rendered":"https:\/\/diabahia.com.br\/?p=12926"},"modified":"2025-01-10T12:19:45","modified_gmt":"2025-01-10T15:19:45","slug":"apos-especulacoes-de-wagner-leonardo-no-bahia-vitoria-faz-postagem-enigmatica","status":"publish","type":"post","link":"https:\/\/diabahia.com.br\/index.php\/2025\/01\/10\/apos-especulacoes-de-wagner-leonardo-no-bahia-vitoria-faz-postagem-enigmatica\/","title":{"rendered":"Ap\u00f3s especula\u00e7\u00f5es de Wagner Leonardo no Bahia, Vit\u00f3ria faz postagem enigm\u00e1tica"},"content":{"rendered":"\n<p>O zagueiro Wagner Leonardo, \u00eddolo e capit\u00e3o do Vit\u00f3ria esteve nos holofotes durante esta quinta-feira (9) ap\u00f3s surgirem as especula\u00e7\u00f5es de que o atleta teria recebido proposta do grande rival do Rubro-Negro, o Bahia para se juntar ao elenco Tricolor na temporada de 2025. Segundo as informa\u00e7\u00f5es divulgadas inicialmente portal Bara Bahia, atrav\u00e9s das redes sociais. Como resposta a todos os burburinhos, o Vit\u00f3ria logo tratou de fazer uma postagem sobre o prov\u00e1vel futuro do Pitbull Rubro-Negro.<\/p>\n\n\n\n<p>Nas redes sociais, o Le\u00e3o fez a postagem de uma foto do zagueiro e capit\u00e3o Rubro-Negro abra\u00e7ado com a bandeira do time enquanto colocava na legenda &#8220;A TEMPORADA 2025 J\u00c1 COME\u00c7OU! JUNTOS!&#8221;, dando a entender que a sa\u00edda do zagueiro para o rival n\u00e3o acontecer\u00e1. Ainda segundo informa\u00e7\u00f5es, a proposta feita pelo Bahia seria financeiramente interessante ao atleta, mas n\u00e3o ao Vit\u00f3ria, sendo oferecido menos do que o valor pedido pelo presidente F\u00e1bio Mota.<\/p>\n\n\n\n<p>Nos coment\u00e1rios da postagem feita pelo Le\u00e3o, os torcedores come\u00e7aram a comentar sobre os rumores da poss\u00edvel sa\u00edda do zagueiro. &#8220;Wagner voc\u00ea \u00e9 \u00eddolo do Vit\u00f3ria! Continue trilhando sua hist\u00f3ria no Le\u00e3o!&#8221;, escreveu um internauta. &#8220;Pra bom entendedor, s\u00f3 uma foto basta!&#8221;, comentou outra torcedora e &#8220;N\u00e3o troque o certo pelo duvidoso, WL. Aqui voc\u00ea \u00e9 amado, respeitado e considerado um \u00eddolo e tenho certeza que no final de 2025 ser\u00e1 ainda mais!&#8221; disse um terceiro.<\/p>\n\n\n\n<p>Agora, o Le\u00e3o entra em campo neste s\u00e1bado (11), contra o Barcelona de Ilh\u00e9us, pela estreia do Campeonato Baiano. Ainda n\u00e3o sabe se o zagueiro estar\u00e1 entre os relacionados para o duelo.&nbsp;<strong>Confira a postagem feita pelo Rubro-Negro:<\/strong><\/p>\n\n\n\n<figure class=\"wp-block-image\"><img decoding=\"async\" src=\"https:\/\/api.varelanet.com.br\/fotos\/varela_noticias\/62250\/mg\/Captura%20de%20tela_9-1-2025_19240_www.instagram.com..jpg\" alt=\"\"\/><\/figure>\n\n\n\n<p><br><em>Foto: Victor Ferreira\/EC Vit\u00f3ria<\/em><\/p>\n\n\n\n<p>Fonte: Varela Net<\/p>\n","protected":false},"excerpt":{"rendered":"<p>O zagueiro Wagner Leonardo, \u00eddolo e capit\u00e3o do Vit\u00f3ria esteve nos holofotes durante esta quinta-feira (9) ap\u00f3s surgirem as especula\u00e7\u00f5es de que o atleta teria recebido proposta do grande rival do Rubro-Negro, o Bahia para se juntar ao elenco Tricolor na temporada de 2025. Segundo as informa\u00e7\u00f5es divulgadas inicialmente portal Bara Bahia, atrav\u00e9s das redes [&hellip;]<\/p>\n","protected":false},"author":2,"featured_media":12925,"comment_status":"closed","ping_status":"open","sticky":false,"template":"","format":"standard","meta":{"footnotes":""},"categories":[89],"tags":[],"class_list":["post-12926","post","type-post","status-publish","format-standard","has-post-thumbnail","hentry","category-esportes"],"_links":{"self":[{"href":"https:\/\/diabahia.com.br\/index.php\/wp-json\/wp\/v2\/posts\/12926","targetHints":{"allow":["GET"]}}],"collection":[{"href":"https:\/\/diabahia.com.br\/index.php\/wp-json\/wp\/v2\/posts"}],"about":[{"href":"https:\/\/diabahia.com.br\/index.php\/wp-json\/wp\/v2\/types\/post"}],"author":[{"embeddable":true,"href":"https:\/\/diabahia.com.br\/index.php\/wp-json\/wp\/v2\/users\/2"}],"replies":[{"embeddable":true,"href":"https:\/\/diabahia.com.br\/index.php\/wp-json\/wp\/v2\/comments?post=12926"}],"version-history":[{"count":0,"href":"https:\/\/diabahia.com.br\/index.php\/wp-json\/wp\/v2\/posts\/12926\/revisions"}],"wp:featuredmedia":[{"embeddable":true,"href":"https:\/\/diabahia.com.br\/index.php\/wp-json\/wp\/v2\/media\/12925"}],"wp:attachment":[{"href":"https:\/\/diabahia.com.br\/index.php\/wp-json\/wp\/v2\/media?parent=12926"}],"wp:term":[{"taxonomy":"category","embeddable":true,"href":"https:\/\/diabahia.com.br\/index.php\/wp-json\/wp\/v2\/categories?post=12926"},{"taxonomy":"post_tag","embeddable":true,"href":"https:\/\/diabahia.com.br\/index.php\/wp-json\/wp\/v2\/tags?post=12926"}],"curies":[{"name":"wp","href":"https:\/\/api.w.org\/{rel}","templated":true}]}}