{"id":12909,"date":"2025-01-08T13:37:59","date_gmt":"2025-01-08T16:37:59","guid":{"rendered":"https:\/\/diabahia.com.br\/?p=12909"},"modified":"2025-01-08T13:37:59","modified_gmt":"2025-01-08T16:37:59","slug":"vitoria-sonda-e-faz-proposta-por-camisa-9-gringo-que-atua-no-brasil","status":"publish","type":"post","link":"https:\/\/diabahia.com.br\/index.php\/2025\/01\/08\/vitoria-sonda-e-faz-proposta-por-camisa-9-gringo-que-atua-no-brasil\/","title":{"rendered":"Vit\u00f3ria sonda e faz proposta por camisa 9 gringo que atua no Brasil"},"content":{"rendered":"\n<p>O Vit\u00f3ria est\u00e1 em busca de refor\u00e7os para a disputa de todas as competi\u00e7\u00f5es que participar\u00e1 ao longo da temporada de 2025,&nbsp;e visando suprir a sa\u00edda do atacante Alerrandro, o Le\u00e3o mostrou interesse no atacante uruguaio Gonzalo Mastriani, do Athletico-PR. O clube baiano formalizou uma proposta para contratar o jogador, mas enfrenta concorr\u00eancia do Fortaleza. Aos 31 anos, Mastriani tem um hist\u00f3rico s\u00f3lido, tendo jogado por duas temporadas no Am\u00e9rica-MG, onde marcou 28 gols em 55 jogos, e mais recentemente no Athletico-PR, com 16 gols em 47 partidas.<\/p>\n\n\n\n<p>Al\u00e9m de Mastriani, o Vit\u00f3ria j\u00e1 refor\u00e7ou seu ataque com a contrata\u00e7\u00e3o de Wellington Rato e Fabr\u00edcio Santos. O clube se prepara para um calend\u00e1rio cheio em 2025, que inclui o Campeonato Baiano, Copa do Nordeste, Campeonato Brasileiro, Copa do Brasil e Sul-Americana. A busca por mais jogadores qualificados demonstra a ambi\u00e7\u00e3o do Vit\u00f3ria em se fortalecer para enfrentar todos esses desafios.<\/p>\n\n\n\n<p>O diretor de futebol do Vit\u00f3ria destacou a import\u00e2ncia de ter um elenco competitivo para alcan\u00e7ar bons resultados nas competi\u00e7\u00f5es. Ele afirmou que a chegada de jogadores experientes como Mastriani pode fazer a diferen\u00e7a e ajudar o time a buscar t\u00edtulos e vagas em torneios internacionais. A torcida do Le\u00e3o da Barra espera ansiosamente por mais refor\u00e7os e est\u00e1 confiante em um ano promissor para o clube.<\/p>\n\n\n\n<p>Fonte: Varela Net<\/p>\n","protected":false},"excerpt":{"rendered":"<p>O Vit\u00f3ria est\u00e1 em busca de refor\u00e7os para a disputa de todas as competi\u00e7\u00f5es que participar\u00e1 ao longo da temporada de 2025,&nbsp;e visando suprir a sa\u00edda do atacante Alerrandro, o Le\u00e3o mostrou interesse no atacante uruguaio Gonzalo Mastriani, do Athletico-PR. O clube baiano formalizou uma proposta para contratar o jogador, mas enfrenta concorr\u00eancia do Fortaleza. [&hellip;]<\/p>\n","protected":false},"author":2,"featured_media":12908,"comment_status":"closed","ping_status":"open","sticky":false,"template":"","format":"standard","meta":{"footnotes":""},"categories":[89],"tags":[],"class_list":["post-12909","post","type-post","status-publish","format-standard","has-post-thumbnail","hentry","category-esportes"],"_links":{"self":[{"href":"https:\/\/diabahia.com.br\/index.php\/wp-json\/wp\/v2\/posts\/12909","targetHints":{"allow":["GET"]}}],"collection":[{"href":"https:\/\/diabahia.com.br\/index.php\/wp-json\/wp\/v2\/posts"}],"about":[{"href":"https:\/\/diabahia.com.br\/index.php\/wp-json\/wp\/v2\/types\/post"}],"author":[{"embeddable":true,"href":"https:\/\/diabahia.com.br\/index.php\/wp-json\/wp\/v2\/users\/2"}],"replies":[{"embeddable":true,"href":"https:\/\/diabahia.com.br\/index.php\/wp-json\/wp\/v2\/comments?post=12909"}],"version-history":[{"count":0,"href":"https:\/\/diabahia.com.br\/index.php\/wp-json\/wp\/v2\/posts\/12909\/revisions"}],"wp:featuredmedia":[{"embeddable":true,"href":"https:\/\/diabahia.com.br\/index.php\/wp-json\/wp\/v2\/media\/12908"}],"wp:attachment":[{"href":"https:\/\/diabahia.com.br\/index.php\/wp-json\/wp\/v2\/media?parent=12909"}],"wp:term":[{"taxonomy":"category","embeddable":true,"href":"https:\/\/diabahia.com.br\/index.php\/wp-json\/wp\/v2\/categories?post=12909"},{"taxonomy":"post_tag","embeddable":true,"href":"https:\/\/diabahia.com.br\/index.php\/wp-json\/wp\/v2\/tags?post=12909"}],"curies":[{"name":"wp","href":"https:\/\/api.w.org\/{rel}","templated":true}]}}