{"id":12897,"date":"2025-01-06T13:09:33","date_gmt":"2025-01-06T16:09:33","guid":{"rendered":"https:\/\/diabahia.com.br\/?p=12897"},"modified":"2025-01-06T13:09:33","modified_gmt":"2025-01-06T16:09:33","slug":"vitoria-bate-sao-jose-rs-por-2-a-0-na-estreia-da-copinha-2025","status":"publish","type":"post","link":"https:\/\/diabahia.com.br\/index.php\/2025\/01\/06\/vitoria-bate-sao-jose-rs-por-2-a-0-na-estreia-da-copinha-2025\/","title":{"rendered":"Vit\u00f3ria bate S\u00e3o Jos\u00e9-RS por 2 a 0 na estreia da Copinha 2025"},"content":{"rendered":"\n<p>O Vit\u00f3ria estreou na Copa S\u00e3o Paulo de Futebol J\u00fanior com uma vit\u00f3ria de 2 a 0 sobre o S\u00e3o Jos\u00e9-RS nesta sexta-feira (3), no Est\u00e1dio Jos\u00e9 Vessi, em Cravinhos. Os gols foram marcados por Lohan e Pedro, garantindo os primeiros tr\u00eas pontos do Le\u00e3o na competi\u00e7\u00e3o e a lideran\u00e7a do Grupo 8. O Comercial-SP venceu o Retr\u00f4-PE por 1 a 0 e ocupa a segunda posi\u00e7\u00e3o.<\/p>\n\n\n\n<p>Sob o comando do t\u00e9cnico Laelson Lopes, o Vit\u00f3ria jogou com Davi; Paulo, Jadson, Kauan Coutinho, Luis Felipe e Pedro; Henri, Papaterra, Gerson, Alexsandro e Diguinho. A equipe volta a campo na pr\u00f3xima segunda-feira (6) contra o Retr\u00f4-PE e na quinta-feira (9) enfrenta o Comercial-SP, ambos os jogos no Est\u00e1dio Jos\u00e9 Vessi.<\/p>\n\n\n\n<p>A Copa S\u00e3o Paulo de Futebol J\u00fanior, maior competi\u00e7\u00e3o de base do pa\u00eds, re\u00fane 128 times divididos em 32 grupos e acontece entre os dias 2 e 25 de janeiro. A grande final est\u00e1 prevista para o dia 25 de janeiro, anivers\u00e1rio da cidade de S\u00e3o Paulo, no Est\u00e1dio do Pacaembu.<\/p>\n\n\n\n<p>Fonte: Varela Net<\/p>\n","protected":false},"excerpt":{"rendered":"<p>O Vit\u00f3ria estreou na Copa S\u00e3o Paulo de Futebol J\u00fanior com uma vit\u00f3ria de 2 a 0 sobre o S\u00e3o Jos\u00e9-RS nesta sexta-feira (3), no Est\u00e1dio Jos\u00e9 Vessi, em Cravinhos. Os gols foram marcados por Lohan e Pedro, garantindo os primeiros tr\u00eas pontos do Le\u00e3o na competi\u00e7\u00e3o e a lideran\u00e7a do Grupo 8. O Comercial-SP [&hellip;]<\/p>\n","protected":false},"author":2,"featured_media":12896,"comment_status":"closed","ping_status":"open","sticky":false,"template":"","format":"standard","meta":{"footnotes":""},"categories":[89],"tags":[],"class_list":["post-12897","post","type-post","status-publish","format-standard","has-post-thumbnail","hentry","category-esportes"],"_links":{"self":[{"href":"https:\/\/diabahia.com.br\/index.php\/wp-json\/wp\/v2\/posts\/12897","targetHints":{"allow":["GET"]}}],"collection":[{"href":"https:\/\/diabahia.com.br\/index.php\/wp-json\/wp\/v2\/posts"}],"about":[{"href":"https:\/\/diabahia.com.br\/index.php\/wp-json\/wp\/v2\/types\/post"}],"author":[{"embeddable":true,"href":"https:\/\/diabahia.com.br\/index.php\/wp-json\/wp\/v2\/users\/2"}],"replies":[{"embeddable":true,"href":"https:\/\/diabahia.com.br\/index.php\/wp-json\/wp\/v2\/comments?post=12897"}],"version-history":[{"count":0,"href":"https:\/\/diabahia.com.br\/index.php\/wp-json\/wp\/v2\/posts\/12897\/revisions"}],"wp:featuredmedia":[{"embeddable":true,"href":"https:\/\/diabahia.com.br\/index.php\/wp-json\/wp\/v2\/media\/12896"}],"wp:attachment":[{"href":"https:\/\/diabahia.com.br\/index.php\/wp-json\/wp\/v2\/media?parent=12897"}],"wp:term":[{"taxonomy":"category","embeddable":true,"href":"https:\/\/diabahia.com.br\/index.php\/wp-json\/wp\/v2\/categories?post=12897"},{"taxonomy":"post_tag","embeddable":true,"href":"https:\/\/diabahia.com.br\/index.php\/wp-json\/wp\/v2\/tags?post=12897"}],"curies":[{"name":"wp","href":"https:\/\/api.w.org\/{rel}","templated":true}]}}